{"id":106373,"date":"2023-05-12T15:09:43","date_gmt":"2023-05-12T20:09:43","guid":{"rendered":"https:\/\/nvnoticias.mx\/?p=106373"},"modified":"2023-05-12T15:09:44","modified_gmt":"2023-05-12T20:09:44","slug":"posa-vin-diesel-con-la-hija-de-paul-walker-en-la-premiere-de-rapidos-y-furiosos-10","status":"publish","type":"post","link":"https:\/\/nvnoticias.mx\/index.php\/2023\/05\/12\/posa-vin-diesel-con-la-hija-de-paul-walker-en-la-premiere-de-rapidos-y-furiosos-10\/","title":{"rendered":"Posa Vin Diesel con la hija de Paul Walker en la premiere de &#8220;R\u00e1pidos y furiosos 10&#8221;"},"content":{"rendered":"\n<p>El actor<strong> Vin Diesel<\/strong>, protagonista de &#8220;<strong>Fast &amp; Furious<\/strong>&#8221; (R\u00e1pidos y furiosos), destac\u00f3 hoy en Roma el &#8220;milagro de haber rodado el d\u00e9cimo capitulo de la saga&#8221; y presumi\u00f3 del equipo cinematogr\u00e1fico de &#8220;Fast X&#8221;, la pen\u00faltima entrega de la famosa saga de acci\u00f3n que se present\u00f3 este viernes en la capital italiana.<\/p>\n\n\n\n<blockquote class=\"wp-block-quote is-layout-flow wp-block-quote-is-layout-flow\"><p>&#8220;Cuando fuimos a grabar la pel\u00edcula, desde el primer d\u00eda y cada d\u00eda en el set, nos record\u00e1bamos que era un milagro estar rodando un d\u00e9cimo capitulo de una franquicia. He vivido momentos incre\u00edbles a lo largo de la saga, especialmente gracias al reparto m\u00e1s incre\u00edble de la historia&#8221;, reconoci\u00f3 Diesel.<\/p><\/blockquote>\n\n\n\n<blockquote class=\"wp-block-quote is-layout-flow wp-block-quote-is-layout-flow\"><p>&#8220;Fast X&#8221; es la d\u00e9cima pel\u00edcula de la saga &#8220;Fast &amp; Furious&#8221;, que desde el debut en 2001 se ha confirmado como una de las m\u00e1s rentables de Hollywood, con filmes, series televisivas e incluso videojuegos derivados.<\/p><\/blockquote>\n\n\n\n<p>Se trata de la pen\u00faltima entrega de la trama principal, tal y como anunci\u00f3 Vin Diesel, su eterno protagonista, quien prometi\u00f3 que el final definitivo llegar\u00eda con la und\u00e9cima cinta en 2025.<\/p>\n\n\n\n<blockquote class=\"wp-block-quote is-layout-flow wp-block-quote-is-layout-flow\"><p>&#8220;Todo lo que hacemos en esta pel\u00edcula es invitaros a dar un paseo con nosotros hasta el atardecer, es una saga de 23 a\u00f1os y nos encontramos ya en el momento de dar un pl\u00e1cido adi\u00f3s&#8221;, asegur\u00f3 la actriz <strong>Michelle Rodriguez<\/strong>, quien interpreta a uno de los personajes m\u00e1s queridos.<\/p><\/blockquote>\n\n\n\n<p>Sin embargo, el hecho de que se acerque la despedida de la saga no ha impedido que se sumen fichajes estelares como el estadounidense<strong> Jason Momoa <\/strong>(&#8220;Game of Thrones&#8221;, &#8220;Aquaman&#8221;) y la puertorrique\u00f1a <strong>Rita Moreno<\/strong>, quien, a sus 91 a\u00f1os, ha dado el salto al cine de acci\u00f3n como la matriarca de la familia Toretto.<\/p>\n\n\n\n<h2 class=\"wp-block-heading\">Paul Walker, presente<\/h2>\n\n\n\n<p>&#8220;Fast X&#8221; retoma parte de la trama de la quinta pel\u00edcula de la saga para justificar el conflicto entre Toretto y su temible adversario y recuerda en varios &#8220;flashbacks&#8221; al fallecido <strong>Paul Walker<\/strong>, cuya muerte, en un accidente automovil\u00edstico de 2013 a los 40 a\u00f1os, dej\u00f3 un gran vac\u00edo en los filmes posteriores.<\/p>\n\n\n\n<p>Sin embargo, en la premier del filme en Roma, estuvo presente a trav\u00e9s de su hija <strong>Meadow Walker<\/strong>, quien pos\u00f3 con Vin Diesel en la alfombra roja.<\/p>\n\n\n\n<p>El filme repite la receta habitual de la marca: carreras imposibles, adrenalina, testosterona e infinidad de efectos especiales repartidos en los escenarios m\u00e1s emblem\u00e1ticos de Inglaterra, Italia, Portugal, Brasil y la Ant\u00e1rtida.<\/p>\n\n\n\n<p>La anterior entrega, titulada &#8220;F9&#8221;, recaud\u00f3 m\u00e1s de 700 millones de d\u00f3lares, un bot\u00edn que la situ\u00f3 como una de las superproducciones de Hollywood m\u00e1s taquilleras de 2021, a\u00fan con restricciones por la pandemia.<\/p>\n\n\n\n<p><\/p>\n\n\n\n<p>Fuente: <a href=\"https:\/\/www.eluniversal.com.mx\/espectaculos\/vin-diesel-posa-con-la-hija-de-paul-walker-en-la-premier-de-rapidos-y-furiosos-10\/\" data-type=\"URL\" data-id=\"https:\/\/www.eluniversal.com.mx\/espectaculos\/vin-diesel-posa-con-la-hija-de-paul-walker-en-la-premier-de-rapidos-y-furiosos-10\/\">El Universal<\/a><\/p>\n","protected":false},"excerpt":{"rendered":"<p>El actor Vin Diesel, protagonista de &#8220;Fast &amp; Furious&#8221; (R\u00e1pidos y furiosos), destac\u00f3 hoy en Roma el &#8220;milagro de haber rodado el d\u00e9cimo capitulo de la saga&#8221; y presumi\u00f3 del equipo cinematogr\u00e1fico de &#8220;Fast X&#8221;, la pen\u00faltima entrega de la famosa saga de acci\u00f3n que se present\u00f3 este viernes en la capital italiana. &#8220;Cuando fuimos [&hellip;]<\/p>\n","protected":false},"author":35,"featured_media":106374,"comment_status":"open","ping_status":"open","sticky":false,"template":"","format":"standard","meta":{"_monsterinsights_skip_tracking":false,"_monsterinsights_sitenote_active":false,"_monsterinsights_sitenote_note":"","_monsterinsights_sitenote_category":0,"footnotes":""},"categories":[576],"tags":[5549,16530,6772,19390,5694,6771],"class_list":["post-106373","post","type-post","status-publish","format-standard","has-post-thumbnail","hentry","category-ocio","tag-hija","tag-meadow-walker","tag-paul-walker","tag-premiere","tag-rapidos-y-furiosos","tag-vin-diesel","wp-image-borders"],"amp_enabled":true,"_links":{"self":[{"href":"https:\/\/nvnoticias.mx\/index.php\/wp-json\/wp\/v2\/posts\/106373","targetHints":{"allow":["GET"]}}],"collection":[{"href":"https:\/\/nvnoticias.mx\/index.php\/wp-json\/wp\/v2\/posts"}],"about":[{"href":"https:\/\/nvnoticias.mx\/index.php\/wp-json\/wp\/v2\/types\/post"}],"author":[{"embeddable":true,"href":"https:\/\/nvnoticias.mx\/index.php\/wp-json\/wp\/v2\/users\/35"}],"replies":[{"embeddable":true,"href":"https:\/\/nvnoticias.mx\/index.php\/wp-json\/wp\/v2\/comments?post=106373"}],"version-history":[{"count":1,"href":"https:\/\/nvnoticias.mx\/index.php\/wp-json\/wp\/v2\/posts\/106373\/revisions"}],"predecessor-version":[{"id":106375,"href":"https:\/\/nvnoticias.mx\/index.php\/wp-json\/wp\/v2\/posts\/106373\/revisions\/106375"}],"wp:featuredmedia":[{"embeddable":true,"href":"https:\/\/nvnoticias.mx\/index.php\/wp-json\/wp\/v2\/media\/106374"}],"wp:attachment":[{"href":"https:\/\/nvnoticias.mx\/index.php\/wp-json\/wp\/v2\/media?parent=106373"}],"wp:term":[{"taxonomy":"category","embeddable":true,"href":"https:\/\/nvnoticias.mx\/index.php\/wp-json\/wp\/v2\/categories?post=106373"},{"taxonomy":"post_tag","embeddable":true,"href":"https:\/\/nvnoticias.mx\/index.php\/wp-json\/wp\/v2\/tags?post=106373"}],"curies":[{"name":"wp","href":"https:\/\/api.w.org\/{rel}","templated":true}]}}