{"id":106350,"date":"2023-05-12T12:24:43","date_gmt":"2023-05-12T17:24:43","guid":{"rendered":"https:\/\/nvnoticias.mx\/?p=106350"},"modified":"2023-05-12T12:24:45","modified_gmt":"2023-05-12T17:24:45","slug":"nomina-biden-a-una-economista-latina-como-gobernadora-de-la-fed","status":"publish","type":"post","link":"https:\/\/nvnoticias.mx\/index.php\/2023\/05\/12\/nomina-biden-a-una-economista-latina-como-gobernadora-de-la-fed\/","title":{"rendered":"Nomina Biden a una economista latina como gobernadora de la Fed"},"content":{"rendered":"\n<p>El presidente de Estados Unidos, <strong>Joe Biden<\/strong>, nomin\u00f3 este viernes a la economista colombiana-estadounidense <strong>Adriana Kugler<\/strong> para ser gobernadora de la <strong>Reserva Federal<\/strong> (<strong>Fed<\/strong>), lo que la convertir\u00eda en la primera latina en formar parte de la junta que lidera el organismo estadounidense.<\/p>\n\n\n\n<p>Kugler es actualmente la directora ejecutiva del Grupo Banco Mundial para Estados Unidos. Seg\u00fan el comunicado de la Casa Blanca, es una experta en mercados laborales, econom\u00eda internacional y econometr\u00eda aplicada, y ha publicado en las principales revistas de la materia.<\/p>\n\n\n\n<p>Fue nombrada economista jefe del Departamento de Trabajo bajo la Administraci\u00f3n de <strong>Barack Obama <\/strong>(2009-2017), de la que Biden fue vicepresidente, y ha formado parte adem\u00e1s de la junta de Ciencia, Tecnolog\u00eda y Pol\u00edtica Econ\u00f3mica de las Academias Nacionales de Ciencias de Estados Unidos.<\/p>\n\n\n\n<p>Su nominaci\u00f3n debe ser ratificada por el Senado, pero los dem\u00f3cratas tienen el control de esa c\u00e1mara, por lo que no se esperan obst\u00e1culos. De confirmarse, seg\u00fan han destacado los medios estadounidenses, ser\u00e1 <strong>la primera latina en asumir esa responsabilidad en la historia del organismo<\/strong>, fundado en diciembre de 1913.<\/p>\n\n\n\n<p>El presidente del Comit\u00e9 de Exteriores del Senado, el dem\u00f3crata Bob Men\u00e9ndez, se hab\u00eda quejado en febrero de que en estos 109 a\u00f1os no hubiera ning\u00fan hispano all\u00ed. &#8220;\u00bfPor qu\u00e9 es importante? Porque es la principal minor\u00eda en el pa\u00eds&#8221;, dijo.<\/p>\n\n\n\n<h2 class=\"wp-block-heading\">Propone a Philip Jefferson como vicepresidente de la Fed<\/h2>\n\n\n\n<p>Biden nomin\u00f3 tambi\u00e9n este viernes a <strong>Philip Jefferson<\/strong>, actual miembro de la Junta de Gobernadores de la <strong>Fed<\/strong>, para la vicepresidencia del grupo. El economista ha ejercido en el pasado, entre otros puestos, como vicepresidente de Asuntos Acad\u00e9micos y decano de facultad en el Davidson College.<\/p>\n\n\n\n<p>Su nominaci\u00f3n se suma a la de Lisa Cook como gobernadora, un puesto que ya ejerce desde 2022 y que iba a expirar en enero de 2024. De 2011 a 2012, bajo la presidencia de Obama, fue economista s\u00e9nior en el Consejo de Asesores Econ\u00f3micos, y tambi\u00e9n ha asesorado al Departamento del Tesoro en Asuntos Internacionales.<\/p>\n\n\n\n<p>La Junta de Gobernadores de la Fed est\u00e1 compuesta de siete personas y su mandato es de 14 a\u00f1os. Cada dos a\u00f1os empieza un nuevo mandato y una persona que cubra todo el periodo no puede repetir el cargo; pero si se incorpora para completar un mandato a medias, como en el caso de Cook, s\u00ed puede ser elegida.<\/p>\n\n\n\n<p>Fuente: <a href=\"https:\/\/www.eluniversal.com.mx\/cartera\/biden-nomina-a-una-economista-latina-como-gobernadora-de-la-fed\/\" data-type=\"URL\" data-id=\"https:\/\/www.eluniversal.com.mx\/cartera\/biden-nomina-a-una-economista-latina-como-gobernadora-de-la-fed\/\">El universal<\/a><\/p>\n","protected":false},"excerpt":{"rendered":"<p>El presidente de Estados Unidos, Joe Biden, nomin\u00f3 este viernes a la economista colombiana-estadounidense Adriana Kugler para ser gobernadora de la Reserva Federal (Fed), lo que la convertir\u00eda en la primera latina en formar parte de la junta que lidera el organismo estadounidense. Kugler es actualmente la directora ejecutiva del Grupo Banco Mundial para Estados [&hellip;]<\/p>\n","protected":false},"author":35,"featured_media":53196,"comment_status":"open","ping_status":"open","sticky":false,"template":"","format":"standard","meta":{"_monsterinsights_skip_tracking":false,"_monsterinsights_sitenote_active":false,"_monsterinsights_sitenote_note":"","_monsterinsights_sitenote_category":0,"footnotes":""},"categories":[181],"tags":[25082,4853,182,19113,24564],"class_list":["post-106350","post","type-post","status-publish","format-standard","has-post-thumbnail","hentry","category-internacional","tag-economista","tag-gobernadora","tag-joe-biden","tag-latina","tag-nomina-2","wp-image-borders"],"amp_enabled":true,"_links":{"self":[{"href":"https:\/\/nvnoticias.mx\/index.php\/wp-json\/wp\/v2\/posts\/106350","targetHints":{"allow":["GET"]}}],"collection":[{"href":"https:\/\/nvnoticias.mx\/index.php\/wp-json\/wp\/v2\/posts"}],"about":[{"href":"https:\/\/nvnoticias.mx\/index.php\/wp-json\/wp\/v2\/types\/post"}],"author":[{"embeddable":true,"href":"https:\/\/nvnoticias.mx\/index.php\/wp-json\/wp\/v2\/users\/35"}],"replies":[{"embeddable":true,"href":"https:\/\/nvnoticias.mx\/index.php\/wp-json\/wp\/v2\/comments?post=106350"}],"version-history":[{"count":1,"href":"https:\/\/nvnoticias.mx\/index.php\/wp-json\/wp\/v2\/posts\/106350\/revisions"}],"predecessor-version":[{"id":106351,"href":"https:\/\/nvnoticias.mx\/index.php\/wp-json\/wp\/v2\/posts\/106350\/revisions\/106351"}],"wp:featuredmedia":[{"embeddable":true,"href":"https:\/\/nvnoticias.mx\/index.php\/wp-json\/wp\/v2\/media\/53196"}],"wp:attachment":[{"href":"https:\/\/nvnoticias.mx\/index.php\/wp-json\/wp\/v2\/media?parent=106350"}],"wp:term":[{"taxonomy":"category","embeddable":true,"href":"https:\/\/nvnoticias.mx\/index.php\/wp-json\/wp\/v2\/categories?post=106350"},{"taxonomy":"post_tag","embeddable":true,"href":"https:\/\/nvnoticias.mx\/index.php\/wp-json\/wp\/v2\/tags?post=106350"}],"curies":[{"name":"wp","href":"https:\/\/api.w.org\/{rel}","templated":true}]}}