{"id":106271,"date":"2023-05-11T19:59:54","date_gmt":"2023-05-12T00:59:54","guid":{"rendered":"https:\/\/nvnoticias.mx\/?p=106271"},"modified":"2023-05-11T19:59:55","modified_gmt":"2023-05-12T00:59:55","slug":"refuerza-alvarado-seguridad-luego-de-enfrentamiento-en-la-riviera-veracruzana","status":"publish","type":"post","link":"https:\/\/nvnoticias.mx\/index.php\/2023\/05\/11\/refuerza-alvarado-seguridad-luego-de-enfrentamiento-en-la-riviera-veracruzana\/","title":{"rendered":"Refuerza Alvarado seguridad luego de enfrentamiento en la Riviera Veracruzana"},"content":{"rendered":"\n<p><strong>Jes\u00fas Utrilla \/ NV Noticias <\/strong><\/p>\n\n\n\n<p>Fue reforzada la seguridad en la zona de la Riviera Veracruzana a trav\u00e9s de la Fuerza Civil y se pidi\u00f3 mayor presencia de la Secretar\u00eda de Seguridad P\u00fablica, inform\u00f3 la alcaldesa de Alvarado Lizzette \u00c1lvarez Vera.<\/p>\n\n\n\n<p>Agreg\u00f3 que tambi\u00e9n se canalizaron m\u00e1s elementos de la Polic\u00eda Municipal y se mantienen atentos al llamado de los ciudadanos.<\/p>\n\n\n\n<p>Adem\u00e1s la Secretar\u00eda de Seguridad P\u00fablica es la que realiz\u00f3 el operativo del fin de semana a pasado en la zona de la Riviera Veracruzana y es la dependencia que tiene la informaci\u00f3n completa sobre dichas acciones<\/p>\n\n\n\n<blockquote class=\"wp-block-quote is-layout-flow wp-block-quote-is-layout-flow\"><p>\u201c<em>A nosotros como ayuntamiento nos resta solicitar a la Secretar\u00eda de Seguridad P\u00fablica que garantice a nuestros ciudadanos la seguridad y hacer las solicitudes pertinentes. Hemos estado en contacto con la secretar\u00eda y ellos est\u00e1n en la mejor disposici\u00f3n de apoyarnos\u201d.<\/em><\/p><\/blockquote>\n\n\n\n<p>La presidencia municipal afirm\u00f3 que el \u00edndice delictivo se encuentra a la baja pero mantienen la coordinaci\u00f3n para garantizar la seguridad de los habitantes.<\/p>\n\n\n\n<p>Cabe recordar que la Secretar\u00eda de Seguridad P\u00fablica (SSP) inform\u00f3 que hubo una persona fallecida en el enfrentamiento de la tarde de este s\u00e1bado 6 de mayo en la zona de la Riviera Veracruzana, en Alvarado.<\/p>\n\n\n\n<p>De acuerdo con la informaci\u00f3n que hicieron p\u00fablica, se trat\u00f3 de delincuentes que intentaron enfrentar a elementos de seguridad que resguardaban la zona.<\/p>\n","protected":false},"excerpt":{"rendered":"<p>Jes\u00fas Utrilla \/ NV Noticias Fue reforzada la seguridad en la zona de la Riviera Veracruzana a trav\u00e9s de la Fuerza Civil y se pidi\u00f3 mayor presencia de la Secretar\u00eda de Seguridad P\u00fablica, inform\u00f3 la alcaldesa de Alvarado Lizzette \u00c1lvarez Vera. Agreg\u00f3 que tambi\u00e9n se canalizaron m\u00e1s elementos de la Polic\u00eda Municipal y se mantienen [&hellip;]<\/p>\n","protected":false},"author":8,"featured_media":106272,"comment_status":"open","ping_status":"open","sticky":false,"template":"","format":"standard","meta":{"_monsterinsights_skip_tracking":false,"_monsterinsights_sitenote_active":false,"_monsterinsights_sitenote_note":"","_monsterinsights_sitenote_category":0,"footnotes":""},"categories":[154],"tags":[1467,805],"class_list":["post-106271","post","type-post","status-publish","format-standard","has-post-thumbnail","hentry","category-veracruz","tag-alvarado","tag-seguridad","wp-image-borders"],"amp_enabled":true,"_links":{"self":[{"href":"https:\/\/nvnoticias.mx\/index.php\/wp-json\/wp\/v2\/posts\/106271","targetHints":{"allow":["GET"]}}],"collection":[{"href":"https:\/\/nvnoticias.mx\/index.php\/wp-json\/wp\/v2\/posts"}],"about":[{"href":"https:\/\/nvnoticias.mx\/index.php\/wp-json\/wp\/v2\/types\/post"}],"author":[{"embeddable":true,"href":"https:\/\/nvnoticias.mx\/index.php\/wp-json\/wp\/v2\/users\/8"}],"replies":[{"embeddable":true,"href":"https:\/\/nvnoticias.mx\/index.php\/wp-json\/wp\/v2\/comments?post=106271"}],"version-history":[{"count":1,"href":"https:\/\/nvnoticias.mx\/index.php\/wp-json\/wp\/v2\/posts\/106271\/revisions"}],"predecessor-version":[{"id":106273,"href":"https:\/\/nvnoticias.mx\/index.php\/wp-json\/wp\/v2\/posts\/106271\/revisions\/106273"}],"wp:featuredmedia":[{"embeddable":true,"href":"https:\/\/nvnoticias.mx\/index.php\/wp-json\/wp\/v2\/media\/106272"}],"wp:attachment":[{"href":"https:\/\/nvnoticias.mx\/index.php\/wp-json\/wp\/v2\/media?parent=106271"}],"wp:term":[{"taxonomy":"category","embeddable":true,"href":"https:\/\/nvnoticias.mx\/index.php\/wp-json\/wp\/v2\/categories?post=106271"},{"taxonomy":"post_tag","embeddable":true,"href":"https:\/\/nvnoticias.mx\/index.php\/wp-json\/wp\/v2\/tags?post=106271"}],"curies":[{"name":"wp","href":"https:\/\/api.w.org\/{rel}","templated":true}]}}