{"id":106268,"date":"2023-05-11T19:52:55","date_gmt":"2023-05-12T00:52:55","guid":{"rendered":"https:\/\/nvnoticias.mx\/?p=106268"},"modified":"2023-05-11T19:52:56","modified_gmt":"2023-05-12T00:52:56","slug":"en-tlalixcoyan-tambien-hay-apagones","status":"publish","type":"post","link":"https:\/\/nvnoticias.mx\/index.php\/2023\/05\/11\/en-tlalixcoyan-tambien-hay-apagones\/","title":{"rendered":"En Tlalixcoyan tambi\u00e9n hay apagones"},"content":{"rendered":"\n<p><strong>Jes\u00fas Utrilla \/ NV Noticias <\/strong><\/p>\n\n\n\n<p>Los apagones tambi\u00e9n se han vuelto una constante en el municipio de Tlalixcoyan, de acuerdo a la alcaldesa, Elvia Illescas Loyo,  tan solo el pasado evento de norte dejo siete localidades sin energ\u00eda el\u00e9ctrica hasta por tres d\u00edas.<\/p>\n\n\n\n<p>Por la situaci\u00f3n solicitaron a Comisi\u00f3n Federal de Electricidad dar mantenimiento a la infraestructura ya que las altas temperaturas prevalecen en casi todo el estado.<\/p>\n\n\n\n<blockquote class=\"wp-block-quote is-layout-flow wp-block-quote-is-layout-flow\"><p><em>\u201cTenemos localidades que ahorita por el pasado evento de norte. Se quedaron sin luz de dos a tres d\u00edas, entonces ah\u00ed estuvimos muy al pendiente de hablarles a comisi\u00f3n para que vinieran a repararles\u201d.<\/em><\/p><\/blockquote>\n\n\n\n<p>Coment\u00f3 que la V\u00edbora, la Tuna, el Remolino, Paso Carreta y Cocuite son las localidades que generalmente enfrentan cortes de electricidad.<\/p>\n\n\n\n<p>Record\u00f3 que hay quienes tienen familiares enfermos que necesitan de medicamentos en refrigeraci\u00f3n y al no tener luz se les echa a perder.<\/p>\n\n\n\n<p>Insisti\u00f3 en que se necesita que la Comisi\u00f3n Federal de Electricidad de mantenimientos a sus instalaciones porque cada vez que hay evento meteorol\u00f3gico se ven afectados.<\/p>\n\n\n\n<blockquote class=\"wp-block-quote is-layout-flow wp-block-quote-is-layout-flow\"><p><em>\u201cEmpieza el aire, o cualquier cambio clim\u00e1tico y se va la luz. Mas que nada se va en las localidades de la v\u00edbora, la tuna, el remolino, paso carreta, cocuite\u201d.<\/em><\/p><\/blockquote>\n\n\n\n<p>Dijo que por ahora, la energ\u00eda el\u00e9ctrica se encuentra estable, sin embargo, cuando falla, los trabajos de restablecimientos se demoraron.<\/p>\n","protected":false},"excerpt":{"rendered":"<p>Jes\u00fas Utrilla \/ NV Noticias Los apagones tambi\u00e9n se han vuelto una constante en el municipio de Tlalixcoyan, de acuerdo a la alcaldesa, Elvia Illescas Loyo, tan solo el pasado evento de norte dejo siete localidades sin energ\u00eda el\u00e9ctrica hasta por tres d\u00edas. Por la situaci\u00f3n solicitaron a Comisi\u00f3n Federal de Electricidad dar mantenimiento a [&hellip;]<\/p>\n","protected":false},"author":8,"featured_media":106269,"comment_status":"open","ping_status":"open","sticky":false,"template":"","format":"standard","meta":{"_monsterinsights_skip_tracking":false,"_monsterinsights_sitenote_active":false,"_monsterinsights_sitenote_note":"","_monsterinsights_sitenote_category":0,"footnotes":""},"categories":[154],"tags":[1502,3540],"class_list":["post-106268","post","type-post","status-publish","format-standard","has-post-thumbnail","hentry","category-veracruz","tag-apagones","tag-tlalixcoyan","wp-image-borders"],"amp_enabled":true,"_links":{"self":[{"href":"https:\/\/nvnoticias.mx\/index.php\/wp-json\/wp\/v2\/posts\/106268","targetHints":{"allow":["GET"]}}],"collection":[{"href":"https:\/\/nvnoticias.mx\/index.php\/wp-json\/wp\/v2\/posts"}],"about":[{"href":"https:\/\/nvnoticias.mx\/index.php\/wp-json\/wp\/v2\/types\/post"}],"author":[{"embeddable":true,"href":"https:\/\/nvnoticias.mx\/index.php\/wp-json\/wp\/v2\/users\/8"}],"replies":[{"embeddable":true,"href":"https:\/\/nvnoticias.mx\/index.php\/wp-json\/wp\/v2\/comments?post=106268"}],"version-history":[{"count":1,"href":"https:\/\/nvnoticias.mx\/index.php\/wp-json\/wp\/v2\/posts\/106268\/revisions"}],"predecessor-version":[{"id":106270,"href":"https:\/\/nvnoticias.mx\/index.php\/wp-json\/wp\/v2\/posts\/106268\/revisions\/106270"}],"wp:featuredmedia":[{"embeddable":true,"href":"https:\/\/nvnoticias.mx\/index.php\/wp-json\/wp\/v2\/media\/106269"}],"wp:attachment":[{"href":"https:\/\/nvnoticias.mx\/index.php\/wp-json\/wp\/v2\/media?parent=106268"}],"wp:term":[{"taxonomy":"category","embeddable":true,"href":"https:\/\/nvnoticias.mx\/index.php\/wp-json\/wp\/v2\/categories?post=106268"},{"taxonomy":"post_tag","embeddable":true,"href":"https:\/\/nvnoticias.mx\/index.php\/wp-json\/wp\/v2\/tags?post=106268"}],"curies":[{"name":"wp","href":"https:\/\/api.w.org\/{rel}","templated":true}]}}