{"id":106258,"date":"2023-05-11T16:17:08","date_gmt":"2023-05-11T21:17:08","guid":{"rendered":"https:\/\/nvnoticias.mx\/?p=106258"},"modified":"2023-05-11T16:17:10","modified_gmt":"2023-05-11T21:17:10","slug":"anuncia-jamie-lee-curtis-y-lindsay-lohan-posible-regreso-con-la-secuela-de-un-viernes-de-locos","status":"publish","type":"post","link":"https:\/\/nvnoticias.mx\/index.php\/2023\/05\/11\/anuncia-jamie-lee-curtis-y-lindsay-lohan-posible-regreso-con-la-secuela-de-un-viernes-de-locos\/","title":{"rendered":"Anuncia Jamie Lee Curtis y Lindsay Lohan  posible regreso con la secuela de \u2018Un viernes de locos\u2019"},"content":{"rendered":"\n<p><strong>Aparentemente lo que muchos fans<\/strong> han estado esperando est\u00e1 a punto de llegar. Ya que es muy probable que haya una secuela de la pel\u00edcula <strong>\u2018Un Viernes de Locos\u2019<\/strong>, cinta protagonizada por<strong> Lindsay Lohan y Jamie Lee Curtis.<\/strong><\/p>\n\n\n\n<p>Recientemente, las famosas han dado se\u00f1ales de estar interesadas en el proyecto. <strong>Ambas en sus redes sociales han compartido noticias de los rumores <\/strong>que apuntan a que habr\u00e1 una secuela de la exitosa cinta. Esto es lo que sabemos. <\/p>\n\n\n\n<p><strong>Tanto Jamie Lee Curtis como Lindsay Lohan<\/strong> hablaron con el Times sobre una posible secuela desde hace tiempo y ambas respondieron <strong>afirmativamente para repetir sus papeles.<\/strong><\/p>\n\n\n\n<blockquote class=\"wp-block-quote is-layout-flow wp-block-quote-is-layout-flow\"><p><strong><em>\u201cJamie y yo estamos abiertos a eso, as\u00ed que lo dejamos en las manos. Solo har\u00edamos algo que la gente adorar\u00eda absolutamente\u201c, dijo Lohan al Times.<\/em><\/strong><\/p><\/blockquote>\n\n\n\n<p>Ambas famosas compartieron<strong> en sus redes sociales capturas de diferentes <\/strong>medios de comunicaci\u00f3n que hablaban sobre el supuesto regreso para la<strong> secuela de la cinta.<\/strong><\/p>\n\n\n\n<p>Por otro lado, este jueves <strong>Jamie Lee Curtis dej\u00f3 ver que es casi un hecho<\/strong> que se lleve a cabo la secuela de la cinta mencionando a <strong>Lindsay Lohan<\/strong> con un hashtag que dec\u00eda <strong><em>\u201cvamos a hacer esto\u201d.<\/em><\/strong><\/p>\n\n\n\n<p>Fuente: <a href=\"https:\/\/www.milenio.com\/espectaculos\/cine\/jamie-lee-curtis-y-lindsay-lohan-anuncian-secuela-viernes-de-locos\" data-type=\"URL\" data-id=\"https:\/\/www.milenio.com\/espectaculos\/cine\/jamie-lee-curtis-y-lindsay-lohan-anuncian-secuela-viernes-de-locos\">Milenio<\/a><\/p>\n","protected":false},"excerpt":{"rendered":"<p>Aparentemente lo que muchos fans han estado esperando est\u00e1 a punto de llegar. Ya que es muy probable que haya una secuela de la pel\u00edcula \u2018Un Viernes de Locos\u2019, cinta protagonizada por Lindsay Lohan y Jamie Lee Curtis. Recientemente, las famosas han dado se\u00f1ales de estar interesadas en el proyecto. Ambas en sus redes sociales [&hellip;]<\/p>\n","protected":false},"author":35,"featured_media":106259,"comment_status":"open","ping_status":"open","sticky":false,"template":"","format":"standard","meta":{"_monsterinsights_skip_tracking":false,"_monsterinsights_sitenote_active":false,"_monsterinsights_sitenote_note":"","_monsterinsights_sitenote_category":0,"footnotes":""},"categories":[576],"tags":[7791,25072,7475,9885,7002,11113,25073],"class_list":["post-106258","post","type-post","status-publish","format-standard","has-post-thumbnail","hentry","category-ocio","tag-anuncia","tag-jamie-lee-curtis","tag-lindsay-lohan","tag-posible","tag-regreso","tag-secuela","tag-un-viernes-de-locos","wp-image-borders"],"amp_enabled":true,"_links":{"self":[{"href":"https:\/\/nvnoticias.mx\/index.php\/wp-json\/wp\/v2\/posts\/106258","targetHints":{"allow":["GET"]}}],"collection":[{"href":"https:\/\/nvnoticias.mx\/index.php\/wp-json\/wp\/v2\/posts"}],"about":[{"href":"https:\/\/nvnoticias.mx\/index.php\/wp-json\/wp\/v2\/types\/post"}],"author":[{"embeddable":true,"href":"https:\/\/nvnoticias.mx\/index.php\/wp-json\/wp\/v2\/users\/35"}],"replies":[{"embeddable":true,"href":"https:\/\/nvnoticias.mx\/index.php\/wp-json\/wp\/v2\/comments?post=106258"}],"version-history":[{"count":1,"href":"https:\/\/nvnoticias.mx\/index.php\/wp-json\/wp\/v2\/posts\/106258\/revisions"}],"predecessor-version":[{"id":106260,"href":"https:\/\/nvnoticias.mx\/index.php\/wp-json\/wp\/v2\/posts\/106258\/revisions\/106260"}],"wp:featuredmedia":[{"embeddable":true,"href":"https:\/\/nvnoticias.mx\/index.php\/wp-json\/wp\/v2\/media\/106259"}],"wp:attachment":[{"href":"https:\/\/nvnoticias.mx\/index.php\/wp-json\/wp\/v2\/media?parent=106258"}],"wp:term":[{"taxonomy":"category","embeddable":true,"href":"https:\/\/nvnoticias.mx\/index.php\/wp-json\/wp\/v2\/categories?post=106258"},{"taxonomy":"post_tag","embeddable":true,"href":"https:\/\/nvnoticias.mx\/index.php\/wp-json\/wp\/v2\/tags?post=106258"}],"curies":[{"name":"wp","href":"https:\/\/api.w.org\/{rel}","templated":true}]}}