{"id":106238,"date":"2023-05-11T15:02:09","date_gmt":"2023-05-11T20:02:09","guid":{"rendered":"https:\/\/nvnoticias.mx\/?p=106238"},"modified":"2023-05-11T15:02:10","modified_gmt":"2023-05-11T20:02:10","slug":"anuncian-la-feria-del-mango-en-chacaltianguis","status":"publish","type":"post","link":"https:\/\/nvnoticias.mx\/index.php\/2023\/05\/11\/anuncian-la-feria-del-mango-en-chacaltianguis\/","title":{"rendered":"Anuncian la Feria del Mango en Chacaltianguis"},"content":{"rendered":"\n<p><strong>Jes\u00fas Utrilla \/ NV Noticias <\/strong><\/p>\n\n\n\n<p>Del 19 al 23 de Mayo se realizar\u00e1 en Chacaltianguis la Feria del Mango en su edici\u00f3n 69. <\/p>\n\n\n\n<p>La directora de turismo municipal Marlene Medina, dijo que habr\u00e1 diversas actividades adem\u00e1s preparar\u00e1n nieve, torito, lomo y diversos productos a base de la fruta.<\/p>\n\n\n\n<p>La coronaci\u00f3n de los integrantes de la corte real se llevar\u00e1 a cabo el d\u00eda 19 de mayo, adem\u00e1s se realizar\u00e1 la presentaci\u00f3n de un ballet y la presentaci\u00f3n musical de Roberto Montalvo. Invit\u00f3 a visitar Chacaltianguis, disfrutar de la carretera y adquirir los diferentes productos que se ofrecer\u00e1n durante el evento.<\/p>\n\n\n\n<blockquote class=\"wp-block-quote is-layout-flow wp-block-quote-is-layout-flow\"><p>\u201c<em>Vamos a tener bailes, vamos a eventos deportivos, juegos de f\u00fatbol, b\u00e9isbol, ciclismo, tendremos folclor, la degustaci\u00f3n de diferentes tipos de platillo, postres a bases de mango, vamos a tener lomo de cerdo al mango con picante, flan de mango, helado de mango<\/em>\u201d.<\/p><\/blockquote>\n\n\n\n<p>Adem\u00e1s se contar\u00e1 con la presencia Chico che jr y la orquesta Moscovita. Se busca esa promover el mango entre los asistentes pero tambi\u00e9n posicionar diversos productos elaborados con la fruta.<\/p>\n\n\n\n<blockquote class=\"wp-block-quote is-layout-flow wp-block-quote-is-layout-flow\"><p><em>\u201cVamos a tener lomo de cerdo al mango con un toque de picante, vamos a tener flan de mango, helado de mango, gelatinas de mango, todo lo que nuestra gente empiece a elaborar nuestra gente con mango, el torito de mango no se lo pueden perder, toda esa gastronom\u00eda vamos a tener en la exposici\u00f3n\u201d.<\/em><\/p><\/blockquote>\n\n\n\n<p>Las autoridades esperan m\u00e1s de 8 mil personas y la seguridad se encuentra garantizada para todos los visitantes.<\/p>\n","protected":false},"excerpt":{"rendered":"<p>Jes\u00fas Utrilla \/ NV Noticias Del 19 al 23 de Mayo se realizar\u00e1 en Chacaltianguis la Feria del Mango en su edici\u00f3n 69. La directora de turismo municipal Marlene Medina, dijo que habr\u00e1 diversas actividades adem\u00e1s preparar\u00e1n nieve, torito, lomo y diversos productos a base de la fruta. La coronaci\u00f3n de los integrantes de la [&hellip;]<\/p>\n","protected":false},"author":8,"featured_media":106239,"comment_status":"open","ping_status":"open","sticky":false,"template":"","format":"standard","meta":{"_monsterinsights_skip_tracking":false,"_monsterinsights_sitenote_active":false,"_monsterinsights_sitenote_note":"","_monsterinsights_sitenote_category":0,"footnotes":""},"categories":[154],"tags":[17447,24935],"class_list":["post-106238","post","type-post","status-publish","format-standard","has-post-thumbnail","hentry","category-veracruz","tag-chacaltianguis","tag-feria-del-mango","wp-image-borders"],"amp_enabled":true,"_links":{"self":[{"href":"https:\/\/nvnoticias.mx\/index.php\/wp-json\/wp\/v2\/posts\/106238","targetHints":{"allow":["GET"]}}],"collection":[{"href":"https:\/\/nvnoticias.mx\/index.php\/wp-json\/wp\/v2\/posts"}],"about":[{"href":"https:\/\/nvnoticias.mx\/index.php\/wp-json\/wp\/v2\/types\/post"}],"author":[{"embeddable":true,"href":"https:\/\/nvnoticias.mx\/index.php\/wp-json\/wp\/v2\/users\/8"}],"replies":[{"embeddable":true,"href":"https:\/\/nvnoticias.mx\/index.php\/wp-json\/wp\/v2\/comments?post=106238"}],"version-history":[{"count":1,"href":"https:\/\/nvnoticias.mx\/index.php\/wp-json\/wp\/v2\/posts\/106238\/revisions"}],"predecessor-version":[{"id":106240,"href":"https:\/\/nvnoticias.mx\/index.php\/wp-json\/wp\/v2\/posts\/106238\/revisions\/106240"}],"wp:featuredmedia":[{"embeddable":true,"href":"https:\/\/nvnoticias.mx\/index.php\/wp-json\/wp\/v2\/media\/106239"}],"wp:attachment":[{"href":"https:\/\/nvnoticias.mx\/index.php\/wp-json\/wp\/v2\/media?parent=106238"}],"wp:term":[{"taxonomy":"category","embeddable":true,"href":"https:\/\/nvnoticias.mx\/index.php\/wp-json\/wp\/v2\/categories?post=106238"},{"taxonomy":"post_tag","embeddable":true,"href":"https:\/\/nvnoticias.mx\/index.php\/wp-json\/wp\/v2\/tags?post=106238"}],"curies":[{"name":"wp","href":"https:\/\/api.w.org\/{rel}","templated":true}]}}