{"id":106234,"date":"2023-05-11T14:47:07","date_gmt":"2023-05-11T19:47:07","guid":{"rendered":"https:\/\/nvnoticias.mx\/?p=106234"},"modified":"2023-05-11T15:23:07","modified_gmt":"2023-05-11T20:23:07","slug":"mi-sueno-si-es-ser-presidente-pero-no-voy-a-dejar-trozos-de-dignidad-en-el-camino-monreal","status":"publish","type":"post","link":"https:\/\/nvnoticias.mx\/index.php\/2023\/05\/11\/mi-sueno-si-es-ser-presidente-pero-no-voy-a-dejar-trozos-de-dignidad-en-el-camino-monreal\/","title":{"rendered":"Mi sue\u00f1o s\u00ed es ser presidente, pero no voy a dejar trozos de dignidad en el camino: Monreal"},"content":{"rendered":"\n<p><strong>Ricardo Monreal<\/strong>, coordinador de <strong>Morena <\/strong>en el Senado, expres\u00f3 que su sue\u00f1o s\u00ed es ser presidente de M\u00e9xico, pero no va a dejar destrozos de su dignidad en el camino.<\/p>\n\n\n\n<p>En el Parlamento Juvenil con estudiantes de diversas facultades de la Universidad Aut\u00f3noma Benito Ju\u00e1rez de Oaxaca, Monreal respondi\u00f3 a preguntas de los asistentes \u201csin tema vedado\u201d y llam\u00f3 a los j\u00f3venes a cumplir sus sue\u00f1os.<\/p>\n\n\n\n<blockquote class=\"wp-block-quote is-layout-flow wp-block-quote-is-layout-flow\"><p>\u201cEntonces, mi sue\u00f1o s\u00ed es ser presidente de la Rep\u00fablica, pero no voy a dejar trozos de dignidad en el camino\u201d, declar\u00f3 Monreal al recordar que fue un joven que se desempe\u00f1\u00f3 en el campo en <strong>Zacatecas<\/strong>, hasta que ocup\u00f3 diversos cargos como regidor, alcalde, gobernador y legislador.<\/p><\/blockquote>\n\n\n\n<p>El aspirante presidencial para 2024 dijo que en esta \u00faltima etapa de su vida decidi\u00f3, \u201ccomo una definici\u00f3n pol\u00edtica\u201d, estar en el movimiento que fund\u00f3 hace varios a\u00f1os \u201cy estar en el movimiento que encabeza el presidente <strong>L\u00f3pez Obrador<\/strong>\u201d.<\/p>\n\n\n\n<blockquote class=\"wp-block-quote is-layout-flow wp-block-quote-is-layout-flow\"><p>\u201cHe decidido jug\u00e1rmela ah\u00ed, y por eso me parece importante que cada uno asuma su responsabilidad como quiera\u201d, expres\u00f3.<\/p><\/blockquote>\n\n\n\n<p>Monreal recomend\u00f3 a los estudiantes \u201caprovechar cada instante, cada minuto, cada espacio de tiempo en aprender\u201d y asumir con humildad su origen.<\/p>\n\n\n\n<blockquote class=\"wp-block-quote is-layout-flow wp-block-quote-is-layout-flow\"><p>\u201cLuchen siempre y no abandonen sus principios, no claudiquen, no transen con lo que piensan y sostengan siempre en lo que creen, siempre, siempre\u201d, declar\u00f3.<\/p><\/blockquote>\n\n\n\n<p>Fuente:<a href=\"https:\/\/www.eluniversal.com.mx\/nacion\/ricardo-monreal-mi-sueno-si-es-ser-presidente-pero-no-voy-a-dejar-trozos-de-dignidad-en-el-camino\/\" data-type=\"URL\" data-id=\"https:\/\/www.eluniversal.com.mx\/nacion\/ricardo-monreal-mi-sueno-si-es-ser-presidente-pero-no-voy-a-dejar-trozos-de-dignidad-en-el-camino\/\"> El Universal<\/a><\/p>\n","protected":false},"excerpt":{"rendered":"<p>Ricardo Monreal, coordinador de Morena en el Senado, expres\u00f3 que su sue\u00f1o s\u00ed es ser presidente de M\u00e9xico, pero no va a dejar destrozos de su dignidad en el camino. En el Parlamento Juvenil con estudiantes de diversas facultades de la Universidad Aut\u00f3noma Benito Ju\u00e1rez de Oaxaca, Monreal respondi\u00f3 a preguntas de los asistentes \u201csin [&hellip;]<\/p>\n","protected":false},"author":35,"featured_media":25845,"comment_status":"open","ping_status":"open","sticky":false,"template":"","format":"standard","meta":{"_monsterinsights_skip_tracking":false,"_monsterinsights_sitenote_active":false,"_monsterinsights_sitenote_note":"","_monsterinsights_sitenote_category":0,"footnotes":""},"categories":[158],"tags":[25069,162,411,600,17817],"class_list":["post-106234","post","type-post","status-publish","format-standard","has-post-thumbnail","hentry","category-politica","tag-dignidad","tag-portada","tag-presidente","tag-ricardo-monreal","tag-trozos","wp-image-borders"],"amp_enabled":true,"_links":{"self":[{"href":"https:\/\/nvnoticias.mx\/index.php\/wp-json\/wp\/v2\/posts\/106234","targetHints":{"allow":["GET"]}}],"collection":[{"href":"https:\/\/nvnoticias.mx\/index.php\/wp-json\/wp\/v2\/posts"}],"about":[{"href":"https:\/\/nvnoticias.mx\/index.php\/wp-json\/wp\/v2\/types\/post"}],"author":[{"embeddable":true,"href":"https:\/\/nvnoticias.mx\/index.php\/wp-json\/wp\/v2\/users\/35"}],"replies":[{"embeddable":true,"href":"https:\/\/nvnoticias.mx\/index.php\/wp-json\/wp\/v2\/comments?post=106234"}],"version-history":[{"count":1,"href":"https:\/\/nvnoticias.mx\/index.php\/wp-json\/wp\/v2\/posts\/106234\/revisions"}],"predecessor-version":[{"id":106235,"href":"https:\/\/nvnoticias.mx\/index.php\/wp-json\/wp\/v2\/posts\/106234\/revisions\/106235"}],"wp:featuredmedia":[{"embeddable":true,"href":"https:\/\/nvnoticias.mx\/index.php\/wp-json\/wp\/v2\/media\/25845"}],"wp:attachment":[{"href":"https:\/\/nvnoticias.mx\/index.php\/wp-json\/wp\/v2\/media?parent=106234"}],"wp:term":[{"taxonomy":"category","embeddable":true,"href":"https:\/\/nvnoticias.mx\/index.php\/wp-json\/wp\/v2\/categories?post=106234"},{"taxonomy":"post_tag","embeddable":true,"href":"https:\/\/nvnoticias.mx\/index.php\/wp-json\/wp\/v2\/tags?post=106234"}],"curies":[{"name":"wp","href":"https:\/\/api.w.org\/{rel}","templated":true}]}}