{"id":106219,"date":"2023-05-11T13:29:42","date_gmt":"2023-05-11T18:29:42","guid":{"rendered":"https:\/\/nvnoticias.mx\/?p=106219"},"modified":"2023-05-11T13:29:43","modified_gmt":"2023-05-11T18:29:43","slug":"productores-de-mango-manila-de-chacaltianguis-buscan-certificarse-y-exportar","status":"publish","type":"post","link":"https:\/\/nvnoticias.mx\/index.php\/2023\/05\/11\/productores-de-mango-manila-de-chacaltianguis-buscan-certificarse-y-exportar\/","title":{"rendered":"Productores de mango manila de Chacaltianguis buscan certificarse y exportar"},"content":{"rendered":"\n<p><strong>Jes\u00fas Utrilla \/ NV Noticias <\/strong><\/p>\n\n\n\n<p>La producci\u00f3n de este a\u00f1o de mango manila ser\u00e1 de 2 mil toneladas en Chacaltianguis, las autoridades municipales desde el a\u00f1o pasado implementaron un programa para impulsar las exportaciones a pa\u00edses como Brasil y Estados Unidos. <\/p>\n\n\n\n<p>La alcaldesa Bertha Isabel Mu\u00f1oz Torres dijo que la producci\u00f3n aument\u00f3 este a\u00f1o, adem\u00e1s el precio mejor\u00f3, la caja de 8 kilos cuesta 200 pesos, mientras que el a\u00f1o pasado costaba 15 pesos. <\/p>\n\n\n\n<blockquote class=\"wp-block-quote is-layout-flow wp-block-quote-is-layout-flow\"><p><em>\u201cEste a\u00f1o vamos a producir m\u00e1s de 2 mil toneladas de mango manila. Ahorita estamos trabajando para distribuirlo a la zona norte del pa\u00eds y el extranjero. Nuestro mango est\u00e1 en el tema de saneaci\u00f3n, estamos con eso porque hab\u00eda estado olvidado en el mango manila y el a\u00f1o pasado comenzamos con los riegos, fertilizaci\u00f3n de \u00e1rboles para empezar a producir\u201d. <\/em><\/p><\/blockquote>\n\n\n\n<p>Agreg\u00f3 que Chacaltianguis se distingue por su mango de calidad y desde el a\u00f1o pasado se puso en marcha un programa de reforestaci\u00f3n para incrementar la producci\u00f3n de la fruta.  <\/p>\n\n\n\n<p>La alcaldesa afirm\u00f3 que se coordinan con las Secretar\u00edas de Agricultura federal y estatal para que el pr\u00f3ximo a\u00f1o comiencen las exportaciones a los pa\u00edses se\u00f1alados. <\/p>\n\n\n\n<p>Se busca que el municipio sea de los m\u00e1s importantes del estado en producci\u00f3n de la fruta. <\/p>\n\n\n\n<blockquote class=\"wp-block-quote is-layout-flow wp-block-quote-is-layout-flow\"><p><em>\u201cEl a\u00f1o pasado lo que hicimos fue el corte de \u00e1rboles en mal estado, no los talamos solo fue para que la hoja volviera a renacer. Estuvimos con el riego que no se hac\u00eda, estamos trabajando con ingenieros para que Chacaltianguis renazca\u201d. <\/em><\/p><\/blockquote>\n\n\n\n<p>Autoridades municipales invitaron a la Feria del Mango en Chacaltianguis a realizarse del 19 al 22 de mayo. <\/p>\n","protected":false},"excerpt":{"rendered":"<p>Jes\u00fas Utrilla \/ NV Noticias La producci\u00f3n de este a\u00f1o de mango manila ser\u00e1 de 2 mil toneladas en Chacaltianguis, las autoridades municipales desde el a\u00f1o pasado implementaron un programa para impulsar las exportaciones a pa\u00edses como Brasil y Estados Unidos. La alcaldesa Bertha Isabel Mu\u00f1oz Torres dijo que la producci\u00f3n aument\u00f3 este a\u00f1o, adem\u00e1s [&hellip;]<\/p>\n","protected":false},"author":8,"featured_media":106220,"comment_status":"open","ping_status":"open","sticky":false,"template":"","format":"standard","meta":{"_monsterinsights_skip_tracking":false,"_monsterinsights_sitenote_active":false,"_monsterinsights_sitenote_note":"","_monsterinsights_sitenote_category":0,"footnotes":""},"categories":[154],"tags":[17447,24935,25066],"class_list":["post-106219","post","type-post","status-publish","format-standard","has-post-thumbnail","hentry","category-veracruz","tag-chacaltianguis","tag-feria-del-mango","tag-mango-manila","wp-image-borders"],"amp_enabled":true,"_links":{"self":[{"href":"https:\/\/nvnoticias.mx\/index.php\/wp-json\/wp\/v2\/posts\/106219","targetHints":{"allow":["GET"]}}],"collection":[{"href":"https:\/\/nvnoticias.mx\/index.php\/wp-json\/wp\/v2\/posts"}],"about":[{"href":"https:\/\/nvnoticias.mx\/index.php\/wp-json\/wp\/v2\/types\/post"}],"author":[{"embeddable":true,"href":"https:\/\/nvnoticias.mx\/index.php\/wp-json\/wp\/v2\/users\/8"}],"replies":[{"embeddable":true,"href":"https:\/\/nvnoticias.mx\/index.php\/wp-json\/wp\/v2\/comments?post=106219"}],"version-history":[{"count":1,"href":"https:\/\/nvnoticias.mx\/index.php\/wp-json\/wp\/v2\/posts\/106219\/revisions"}],"predecessor-version":[{"id":106221,"href":"https:\/\/nvnoticias.mx\/index.php\/wp-json\/wp\/v2\/posts\/106219\/revisions\/106221"}],"wp:featuredmedia":[{"embeddable":true,"href":"https:\/\/nvnoticias.mx\/index.php\/wp-json\/wp\/v2\/media\/106220"}],"wp:attachment":[{"href":"https:\/\/nvnoticias.mx\/index.php\/wp-json\/wp\/v2\/media?parent=106219"}],"wp:term":[{"taxonomy":"category","embeddable":true,"href":"https:\/\/nvnoticias.mx\/index.php\/wp-json\/wp\/v2\/categories?post=106219"},{"taxonomy":"post_tag","embeddable":true,"href":"https:\/\/nvnoticias.mx\/index.php\/wp-json\/wp\/v2\/tags?post=106219"}],"curies":[{"name":"wp","href":"https:\/\/api.w.org\/{rel}","templated":true}]}}