{"id":106212,"date":"2023-05-11T13:11:18","date_gmt":"2023-05-11T18:11:18","guid":{"rendered":"https:\/\/nvnoticias.mx\/?p=106212"},"modified":"2023-05-11T13:11:19","modified_gmt":"2023-05-11T18:11:19","slug":"veracruz-sufre-por-sequia","status":"publish","type":"post","link":"https:\/\/nvnoticias.mx\/index.php\/2023\/05\/11\/veracruz-sufre-por-sequia\/","title":{"rendered":"Veracruz sufre por sequ\u00eda"},"content":{"rendered":"\n<p><strong>Sam Ojeda \/ NV Noticias <\/strong><\/p>\n\n\n\n<p>Xalapa.- La jefa de Hidrometeorolog\u00eda del organismo cuenca Golfo-Centro de la Comisi\u00f3n Nacional del Agua (Conagua), Jessica Luna Lagunes, inform\u00f3 que hay 37 municipios en la entidad veracruzana con sequ\u00eda moderada.<\/p>\n\n\n\n<p>A estos se suman 104 considerados con condiciones anormalmente secas, de acuerdo con informaci\u00f3n del Servicio Meteorol\u00f3gico Nacional.<\/p>\n\n\n\n<p>La cifra significa una disminuci\u00f3n de 51 municipios con respecto al corte anterior, es decir de marzo, adem\u00e1s ya no hay municipios considerados con sequ\u00eda severa. <\/p>\n\n\n\n<p>Dijo que esto se debe a las lluvias que dejaron sobre el estado de Veracruz los \u00faltimos frentes fr\u00edos de la temporada. <\/p>\n\n\n\n<blockquote class=\"wp-block-quote is-layout-flow wp-block-quote-is-layout-flow\"><p><em>\u201cAnteriormente ten\u00edamos 88 municipios con sequ\u00eda con corte al 31 de marzo, en un mes disminuyeron 51 municipios y esto obedeci\u00f3 a las lluvias que ocasionaron los \u00faltimos frentes fr\u00edos por el estado de Veracruz\u201d, coment\u00f3. <\/em><\/p><\/blockquote>\n\n\n\n<p>Los municipios con sequ\u00eda moderada son Naranjos Amatl\u00e1n, Benito Ju\u00e1rez, Cazones, Cerro Azul, Citlalt\u00e9petl, Coatzintla, Coyutla, Chalma, Chicontepec, Chinampa de Gorostiza, Chontla, Espinal, Hidalgotitl\u00e1n, Ixcatepec, Jes\u00fas Carranza, Ozuluama de Mascare\u00f1as, P\u00e1nuco.<\/p>\n\n\n\n<p>Tambi\u00e9n, Papantla, Plat\u00f3n S\u00e1nchez, Poza Rica de Hidalgo, Pueblo Viejo, Tamal\u00edn, Tamiahua, Tampico Alto, Tancoco, Tantima, Tantoyuca, Castillo de Teayo, Tecolutla, Temapache, Tepetzintla, Tihuatl\u00e1n, Tlachichilco, T\u00faxpam, Zacualpan, El Higo y Uxpanapa.<\/p>\n\n\n\n<p><\/p>\n","protected":false},"excerpt":{"rendered":"<p>Sam Ojeda \/ NV Noticias Xalapa.- La jefa de Hidrometeorolog\u00eda del organismo cuenca Golfo-Centro de la Comisi\u00f3n Nacional del Agua (Conagua), Jessica Luna Lagunes, inform\u00f3 que hay 37 municipios en la entidad veracruzana con sequ\u00eda moderada. A estos se suman 104 considerados con condiciones anormalmente secas, de acuerdo con informaci\u00f3n del Servicio Meteorol\u00f3gico Nacional. La [&hellip;]<\/p>\n","protected":false},"author":8,"featured_media":88509,"comment_status":"open","ping_status":"open","sticky":false,"template":"","format":"standard","meta":{"_monsterinsights_skip_tracking":false,"_monsterinsights_sitenote_active":false,"_monsterinsights_sitenote_note":"","_monsterinsights_sitenote_category":0,"footnotes":""},"categories":[156],"tags":[2538,180],"class_list":["post-106212","post","type-post","status-publish","format-standard","has-post-thumbnail","hentry","category-estado","tag-sequia","tag-veracruz","wp-image-borders"],"amp_enabled":true,"_links":{"self":[{"href":"https:\/\/nvnoticias.mx\/index.php\/wp-json\/wp\/v2\/posts\/106212","targetHints":{"allow":["GET"]}}],"collection":[{"href":"https:\/\/nvnoticias.mx\/index.php\/wp-json\/wp\/v2\/posts"}],"about":[{"href":"https:\/\/nvnoticias.mx\/index.php\/wp-json\/wp\/v2\/types\/post"}],"author":[{"embeddable":true,"href":"https:\/\/nvnoticias.mx\/index.php\/wp-json\/wp\/v2\/users\/8"}],"replies":[{"embeddable":true,"href":"https:\/\/nvnoticias.mx\/index.php\/wp-json\/wp\/v2\/comments?post=106212"}],"version-history":[{"count":1,"href":"https:\/\/nvnoticias.mx\/index.php\/wp-json\/wp\/v2\/posts\/106212\/revisions"}],"predecessor-version":[{"id":106213,"href":"https:\/\/nvnoticias.mx\/index.php\/wp-json\/wp\/v2\/posts\/106212\/revisions\/106213"}],"wp:featuredmedia":[{"embeddable":true,"href":"https:\/\/nvnoticias.mx\/index.php\/wp-json\/wp\/v2\/media\/88509"}],"wp:attachment":[{"href":"https:\/\/nvnoticias.mx\/index.php\/wp-json\/wp\/v2\/media?parent=106212"}],"wp:term":[{"taxonomy":"category","embeddable":true,"href":"https:\/\/nvnoticias.mx\/index.php\/wp-json\/wp\/v2\/categories?post=106212"},{"taxonomy":"post_tag","embeddable":true,"href":"https:\/\/nvnoticias.mx\/index.php\/wp-json\/wp\/v2\/tags?post=106212"}],"curies":[{"name":"wp","href":"https:\/\/api.w.org\/{rel}","templated":true}]}}