{"id":106106,"date":"2023-05-10T14:03:47","date_gmt":"2023-05-10T19:03:47","guid":{"rendered":"https:\/\/nvnoticias.mx\/?p=106106"},"modified":"2023-05-10T14:03:48","modified_gmt":"2023-05-10T19:03:48","slug":"encuentra-restos-en-el-sistema-lagunar-de-alvarado","status":"publish","type":"post","link":"https:\/\/nvnoticias.mx\/index.php\/2023\/05\/10\/encuentra-restos-en-el-sistema-lagunar-de-alvarado\/","title":{"rendered":"Encuentra restos en el sistema lagunar de Alvarado"},"content":{"rendered":"\n<p><strong>Jes\u00fas Utrilla \/ NV Noticias <\/strong><\/p>\n\n\n\n<p>Integrantes del Colectivo Solecito encontraron restos humanos en el sistema lagunar de Alvarado. <\/p>\n\n\n\n<p>Rosal\u00eda Castro Toss, integrante del organismo, acus\u00f3 que ah\u00ed la Comisi\u00f3n Nacional de B\u00fasqueda ya hab\u00eda inspeccionado sin encontrar nada.<\/p>\n\n\n\n<p>Dijo que la Comisi\u00f3n Nacional de  B\u00fasqueda descart\u00f3 el hallazgo de restos humanos, por ello madres ingresaron y en 15 d\u00edas encontraron cuerpos.<\/p>\n\n\n\n<blockquote class=\"wp-block-quote is-layout-flow wp-block-quote-is-layout-flow\"><p><em>&#8220;Nosotros estamos trabajando en el sistema lagunar de Alvarado, todo el alrededor de lagunitas y manglares y ya encontramos indicios. Ese lugar ya lo hab\u00eda trabajado Comisi\u00f3n de B\u00fasqueda Nacional que hicieron un trabajo muy desaseado y dijeron que no hab\u00eda nada&#8221;.<\/em><\/p><\/blockquote>\n\n\n\n<p>Llevan 15 d\u00edas buscando en ese predio y no hay fecha de salida ya que buscar\u00e1n en todo el lugar aunado a que reconoci\u00f3 que es el terreno m\u00e1s complicado hasta ahora.<\/p>\n\n\n\n<blockquote class=\"wp-block-quote is-layout-flow wp-block-quote-is-layout-flow\"><p><em>&#8220;Vamos poco a poco porque es un lugar muy complicado de buscar porque son manglares, de hecho el colectivo tuvo que adquirir una bomba para sacar agua y extraer los pedazos de tesoros que hay. Ya encontramos, pero a\u00fan no podemos decir hasta que est\u00e9 organizada.<\/em><\/p><\/blockquote>\n\n\n\n<p>En el marco del festejo por el D\u00eda de las Madres el Colectivo Solecito llev\u00f3 a cabo una marcha como una acci\u00f3n m\u00e1s en la que contin\u00faan exigiendo que sus desaparecidos sean buscados.<\/p>\n\n\n\n<p>La marcha parti\u00f3 del Tranv\u00eda del Recuerdo con direcci\u00f3n al Faro de Venustiano Carranza en el municipio de Veracruz.<\/p>\n","protected":false},"excerpt":{"rendered":"<p>Jes\u00fas Utrilla \/ NV Noticias Integrantes del Colectivo Solecito encontraron restos humanos en el sistema lagunar de Alvarado. Rosal\u00eda Castro Toss, integrante del organismo, acus\u00f3 que ah\u00ed la Comisi\u00f3n Nacional de B\u00fasqueda ya hab\u00eda inspeccionado sin encontrar nada. Dijo que la Comisi\u00f3n Nacional de B\u00fasqueda descart\u00f3 el hallazgo de restos humanos, por ello madres ingresaron [&hellip;]<\/p>\n","protected":false},"author":8,"featured_media":106108,"comment_status":"open","ping_status":"open","sticky":false,"template":"","format":"standard","meta":{"_monsterinsights_skip_tracking":false,"_monsterinsights_sitenote_active":false,"_monsterinsights_sitenote_note":"","_monsterinsights_sitenote_category":0,"footnotes":""},"categories":[154],"tags":[8315,25048,678],"class_list":["post-106106","post","type-post","status-publish","format-standard","has-post-thumbnail","hentry","category-veracruz","tag-colectivo-solecito","tag-laguna-de-alvarado","tag-restos-humanos","wp-image-borders"],"amp_enabled":true,"_links":{"self":[{"href":"https:\/\/nvnoticias.mx\/index.php\/wp-json\/wp\/v2\/posts\/106106","targetHints":{"allow":["GET"]}}],"collection":[{"href":"https:\/\/nvnoticias.mx\/index.php\/wp-json\/wp\/v2\/posts"}],"about":[{"href":"https:\/\/nvnoticias.mx\/index.php\/wp-json\/wp\/v2\/types\/post"}],"author":[{"embeddable":true,"href":"https:\/\/nvnoticias.mx\/index.php\/wp-json\/wp\/v2\/users\/8"}],"replies":[{"embeddable":true,"href":"https:\/\/nvnoticias.mx\/index.php\/wp-json\/wp\/v2\/comments?post=106106"}],"version-history":[{"count":1,"href":"https:\/\/nvnoticias.mx\/index.php\/wp-json\/wp\/v2\/posts\/106106\/revisions"}],"predecessor-version":[{"id":106109,"href":"https:\/\/nvnoticias.mx\/index.php\/wp-json\/wp\/v2\/posts\/106106\/revisions\/106109"}],"wp:featuredmedia":[{"embeddable":true,"href":"https:\/\/nvnoticias.mx\/index.php\/wp-json\/wp\/v2\/media\/106108"}],"wp:attachment":[{"href":"https:\/\/nvnoticias.mx\/index.php\/wp-json\/wp\/v2\/media?parent=106106"}],"wp:term":[{"taxonomy":"category","embeddable":true,"href":"https:\/\/nvnoticias.mx\/index.php\/wp-json\/wp\/v2\/categories?post=106106"},{"taxonomy":"post_tag","embeddable":true,"href":"https:\/\/nvnoticias.mx\/index.php\/wp-json\/wp\/v2\/tags?post=106106"}],"curies":[{"name":"wp","href":"https:\/\/api.w.org\/{rel}","templated":true}]}}