{"id":106074,"date":"2023-05-10T12:48:20","date_gmt":"2023-05-10T17:48:20","guid":{"rendered":"https:\/\/nvnoticias.mx\/?p=106074"},"modified":"2023-05-10T12:48:20","modified_gmt":"2023-05-10T17:48:20","slug":"scjn-no-esta-al-servicio-del-ejecutivo-ni-para-validar-errores-del-legislativo","status":"publish","type":"post","link":"https:\/\/nvnoticias.mx\/index.php\/2023\/05\/10\/scjn-no-esta-al-servicio-del-ejecutivo-ni-para-validar-errores-del-legislativo\/","title":{"rendered":"SCJN no est\u00e1 al servicio del Ejecutivo, ni para validar errores del Legislativo"},"content":{"rendered":"\n<p class=\"has-text-align-right\"><strong>Por Mois\u00e9s Hern\u00e1ndez Yoldi<\/strong><\/p>\n\n\n\n<p>El gobernador Cuitl\u00e1huac Garc\u00eda Jim\u00e9nez no puede ni debe asumir el papel de activista, por ignorancia supina o por dolo, lastima, ensucia y degrada el cargo que el pueblo le confiri\u00f3.<\/p>\n\n\n\n<p>Muy grave que est\u00e9 arengando a una manifestaci\u00f3n en contra de los ministros de la SCJN, a quienes acusa de manera irresponsable de corrupci\u00f3n.<\/p>\n\n\n\n<p>Lamento la total ausencia de institucionalidad, lamento el lenguaje y las formas. <\/p>\n\n\n\n<p>En democracia el debate es necesario, a nadie deber\u00eda de sorprender y mucho menos asustar que los actores pol\u00edticos confronten posiciones p\u00fablicamente; el problema es cuando el debate se contamina con ataques, descalificaciones y amenazas. <\/p>\n\n\n\n<p>Usar el poder para descalificar y atacar a opositores no es un acto democr\u00e1tico, el problema se agrava cuando el embate se dirige a un poder independiente y trasgrede el equilibrio que le da estabiiidad a la Rep\u00fablica. <\/p>\n\n\n\n<p>La SCJN no est\u00e1 al servicio ni sometido al Poder Ejecutivo ni al Legislativo, su misi\u00f3n es ser garante y guardian de la Constituci\u00f3n. <\/p>\n\n\n\n<p>Posiciones como la del gobernador de Veracruz y otros actores pol\u00edticos que militan en Morena, ademas de irresponsables, provocan una crisis pol\u00edtica in\u00e9dita en los tiempos modernos de nuestra incipiente democracia. <\/p>\n\n\n\n<p>Una dosis de sensatez y y mesura son necesarias incluso en medio del intenso debate y la lucha por el poder por la que atraviesa M\u00e9xico.<\/p>\n","protected":false},"excerpt":{"rendered":"<p>Por Mois\u00e9s Hern\u00e1ndez Yoldi El gobernador Cuitl\u00e1huac Garc\u00eda Jim\u00e9nez no puede ni debe asumir el papel de activista, por ignorancia supina o por dolo, lastima, ensucia y degrada el cargo que el pueblo le confiri\u00f3. Muy grave que est\u00e9 arengando a una manifestaci\u00f3n en contra de los ministros de la SCJN, a quienes acusa de [&hellip;]<\/p>\n","protected":false},"author":11,"featured_media":91295,"comment_status":"open","ping_status":"open","sticky":false,"template":"","format":"standard","meta":{"_monsterinsights_skip_tracking":false,"_monsterinsights_sitenote_active":false,"_monsterinsights_sitenote_note":"","_monsterinsights_sitenote_category":0,"footnotes":""},"categories":[429],"tags":[430],"class_list":["post-106074","post","type-post","status-publish","format-standard","has-post-thumbnail","hentry","category-artillero","tag-moises-hernandez-yoldi","wp-image-borders"],"amp_enabled":true,"_links":{"self":[{"href":"https:\/\/nvnoticias.mx\/index.php\/wp-json\/wp\/v2\/posts\/106074","targetHints":{"allow":["GET"]}}],"collection":[{"href":"https:\/\/nvnoticias.mx\/index.php\/wp-json\/wp\/v2\/posts"}],"about":[{"href":"https:\/\/nvnoticias.mx\/index.php\/wp-json\/wp\/v2\/types\/post"}],"author":[{"embeddable":true,"href":"https:\/\/nvnoticias.mx\/index.php\/wp-json\/wp\/v2\/users\/11"}],"replies":[{"embeddable":true,"href":"https:\/\/nvnoticias.mx\/index.php\/wp-json\/wp\/v2\/comments?post=106074"}],"version-history":[{"count":1,"href":"https:\/\/nvnoticias.mx\/index.php\/wp-json\/wp\/v2\/posts\/106074\/revisions"}],"predecessor-version":[{"id":106075,"href":"https:\/\/nvnoticias.mx\/index.php\/wp-json\/wp\/v2\/posts\/106074\/revisions\/106075"}],"wp:featuredmedia":[{"embeddable":true,"href":"https:\/\/nvnoticias.mx\/index.php\/wp-json\/wp\/v2\/media\/91295"}],"wp:attachment":[{"href":"https:\/\/nvnoticias.mx\/index.php\/wp-json\/wp\/v2\/media?parent=106074"}],"wp:term":[{"taxonomy":"category","embeddable":true,"href":"https:\/\/nvnoticias.mx\/index.php\/wp-json\/wp\/v2\/categories?post=106074"},{"taxonomy":"post_tag","embeddable":true,"href":"https:\/\/nvnoticias.mx\/index.php\/wp-json\/wp\/v2\/tags?post=106074"}],"curies":[{"name":"wp","href":"https:\/\/api.w.org\/{rel}","templated":true}]}}