{"id":106069,"date":"2023-05-10T12:28:36","date_gmt":"2023-05-10T17:28:36","guid":{"rendered":"https:\/\/nvnoticias.mx\/?p=106069"},"modified":"2023-05-10T12:28:37","modified_gmt":"2023-05-10T17:28:37","slug":"colectivos-de-desaparecidos-acusan-falta-de-avance-en-investigaciones","status":"publish","type":"post","link":"https:\/\/nvnoticias.mx\/index.php\/2023\/05\/10\/colectivos-de-desaparecidos-acusan-falta-de-avance-en-investigaciones\/","title":{"rendered":"Colectivos de desaparecidos acusan falta de avance en investigaciones"},"content":{"rendered":"\n<p><br><strong>Jes\u00fas Utrilla | NV Noticias <\/strong><\/p>\n\n\n\n<p>Integrantes de colectivos de desaparecidos marcharon este 10 de Mayo por calles de la ciudad de Veracruz pues para ellas no hubo nada que festejar el D\u00eda de las Madres.<\/p>\n\n\n\n<p>Mar\u00eda de Jes\u00fas L\u00f3pez, del Colectivo Unidos por La Paz Veracruz, acus\u00f3 que las autoridades son omisas pues no investigan y la mayor\u00eda de las carpetas de investigaci\u00f3n se encuentran rezagadas. Dijo que las autoridades no buscan con la intenci\u00f3n de encontrarlos vivos sino que se enfocan en las fosas clandestinas donde tampoco buscan bien.<\/p>\n\n\n\n<blockquote class=\"wp-block-quote is-layout-flow wp-block-quote-is-layout-flow\"><p>\u201cNo hay ganas de las autoridades de buscarlos ni de hacer nada. Por eso estamos aqu\u00ed, esta marcha es para decir que ellos est\u00e1n con vida o los seguiremos buscando\u201d.<\/p><\/blockquote>\n\n\n\n<p>Las mam\u00e1s admitieron que muchas familias no denuncias por temor de que les ocurra otra desaparici\u00f3n forzada. Por ello exigieron a las autoridades hacer lo propio y encontrar a quienes se encuentran en calidad de desaparecidos.<\/p>\n\n\n\n<p>Hay varios predios donde se realizan b\u00fasquedas pero no hay informaci\u00f3n certera de cuantos cuerpos se han encontrado y cuantos se han entregado.<\/p>\n\n\n\n<blockquote class=\"wp-block-quote is-layout-flow wp-block-quote-is-layout-flow\"><p>\u201cVan abren la fosa y no buscan bien. No se le da tampoco el seguimiento. Del colectivo solos 800 personas en el estado de Veracruz, obviamente no todas denuncian porque tienen temor de lo que le pas\u00f3 a sus familiares\u201d.<\/p><\/blockquote>\n\n\n\n<p>Las integrantes del colectivo acusaron que han sido amenazadas para que paren la b\u00fasqueda, por lo que solicitaron garant\u00edas de seguridad a la autoridad.<br>Dijeron que tienen identificados m\u00e1s puntos de posibles fosas y en breve iniciar\u00e1n las b\u00fasquedas.<\/p>\n","protected":false},"excerpt":{"rendered":"<p>Jes\u00fas Utrilla | NV Noticias Integrantes de colectivos de desaparecidos marcharon este 10 de Mayo por calles de la ciudad de Veracruz pues para ellas no hubo nada que festejar el D\u00eda de las Madres. Mar\u00eda de Jes\u00fas L\u00f3pez, del Colectivo Unidos por La Paz Veracruz, acus\u00f3 que las autoridades son omisas pues no investigan [&hellip;]<\/p>\n","protected":false},"author":35,"featured_media":106070,"comment_status":"open","ping_status":"open","sticky":false,"template":"","format":"standard","meta":{"_monsterinsights_skip_tracking":false,"_monsterinsights_sitenote_active":false,"_monsterinsights_sitenote_note":"","_monsterinsights_sitenote_category":0,"footnotes":""},"categories":[154],"tags":[9000,360,950],"class_list":["post-106069","post","type-post","status-publish","format-standard","has-post-thumbnail","hentry","category-veracruz","tag-acusan","tag-colectivos","tag-desaparecidos","wp-image-borders"],"amp_enabled":true,"_links":{"self":[{"href":"https:\/\/nvnoticias.mx\/index.php\/wp-json\/wp\/v2\/posts\/106069","targetHints":{"allow":["GET"]}}],"collection":[{"href":"https:\/\/nvnoticias.mx\/index.php\/wp-json\/wp\/v2\/posts"}],"about":[{"href":"https:\/\/nvnoticias.mx\/index.php\/wp-json\/wp\/v2\/types\/post"}],"author":[{"embeddable":true,"href":"https:\/\/nvnoticias.mx\/index.php\/wp-json\/wp\/v2\/users\/35"}],"replies":[{"embeddable":true,"href":"https:\/\/nvnoticias.mx\/index.php\/wp-json\/wp\/v2\/comments?post=106069"}],"version-history":[{"count":1,"href":"https:\/\/nvnoticias.mx\/index.php\/wp-json\/wp\/v2\/posts\/106069\/revisions"}],"predecessor-version":[{"id":106071,"href":"https:\/\/nvnoticias.mx\/index.php\/wp-json\/wp\/v2\/posts\/106069\/revisions\/106071"}],"wp:featuredmedia":[{"embeddable":true,"href":"https:\/\/nvnoticias.mx\/index.php\/wp-json\/wp\/v2\/media\/106070"}],"wp:attachment":[{"href":"https:\/\/nvnoticias.mx\/index.php\/wp-json\/wp\/v2\/media?parent=106069"}],"wp:term":[{"taxonomy":"category","embeddable":true,"href":"https:\/\/nvnoticias.mx\/index.php\/wp-json\/wp\/v2\/categories?post=106069"},{"taxonomy":"post_tag","embeddable":true,"href":"https:\/\/nvnoticias.mx\/index.php\/wp-json\/wp\/v2\/tags?post=106069"}],"curies":[{"name":"wp","href":"https:\/\/api.w.org\/{rel}","templated":true}]}}