{"id":106017,"date":"2023-05-10T07:07:33","date_gmt":"2023-05-10T12:07:33","guid":{"rendered":"https:\/\/nvnoticias.mx\/?p=106017"},"modified":"2023-05-10T07:07:34","modified_gmt":"2023-05-10T12:07:34","slug":"ofrecen-tribus-a-las-corcholatas-de-8-mil-a-23-mil-promotores","status":"publish","type":"post","link":"https:\/\/nvnoticias.mx\/index.php\/2023\/05\/10\/ofrecen-tribus-a-las-corcholatas-de-8-mil-a-23-mil-promotores\/","title":{"rendered":"Ofrecen Tribus a las corcholatas de 8 mil a 23 mil promotores"},"content":{"rendered":"\n<p>Las nuevas\u00a0<strong>Agrupaciones Pol\u00edticas Nacionales<\/strong>\u00a0tienen a su\u00a0<em>corcholata<\/em>\u00a0favorita. Y al menos tres de \u00e9stas, se alistan para ofrecer \u2018ej\u00e9rcitos\u2019 de entre ocho mil y 23 mil afiliados, para promoverlos en todo el pa\u00eds, rumbo a\u00a0la encuesta que definir\u00e1 al candidato presidencial de Morena para el 2024. Es el nacimiento de las tribus en Morena.<\/p>\n\n\n\n<p>El pasado 28 de abril, el Instituto Nacional Electoral aprob\u00f3 ocho nuevos registros de Agrupaciones Pol\u00edticas Nacionales, todas cercanas a Morena, y al menos tres oficialmente lideradas por los principales operadores pol\u00edticos de\u00a0<strong>Claudia Sheinbaum, Ad\u00e1n Augusto L\u00f3pez y Marcelo Ebrard.<\/strong><\/p>\n\n\n\n<p>En respuesta, el presidente nacional de Morena,&nbsp;<strong>Mario Delgado,&nbsp;<\/strong>deslind\u00f3 de inmediato al partido de dichas agrupaciones&nbsp;y se\u00f1al\u00f3 que no permitir\u00e1 que \u201cse cuelguen del movimiento ni que funcionen como grupos de presi\u00f3n al interior para la definici\u00f3n de candidaturas en los procesos electorales\u201d.<\/p>\n\n\n\n<p>A su vez,\u00a0<strong>Citlalli Hern\u00e1ndez<\/strong>, secretaria general de Morena, consider\u00f3 que\u00a0son oportunistas las agrupaciones que, en nombre de la llamada cuarta transformaci\u00f3n, operan fuera del partido\u00a0y advirti\u00f3 que \u201ccualquier intento de agrupaci\u00f3n electoral fuera de Morena y en nombre de la 4T, adem\u00e1s de que es claro oportunismo, no tiene relaci\u00f3n con nuestro partido-movimiento, no lo representa ni lo sustituye&#8221;.<\/p>\n\n\n\n<p>Y es que con el registro del INE reconoci\u00e9ndolas como APN, estas agrupaciones podr\u00e1n tener sin limitaciones, reuniones en todo el pa\u00eds para difundir a la ciudadan\u00eda sus ideales, que van de la mano con las propuestas y promoci\u00f3n de alguno de los tres punteros para la<strong>&nbsp;candidatura presidencial oficialista<\/strong>, principalmente, en las entidades donde Morena no es gobierno.<\/p>\n\n\n\n<p>El primer requisito que debieron cumplir para lograr este registro, fue tener\u00a0<strong>un m\u00ednimo de<\/strong>\u00a0<strong>cinco mil personas afiliadas<\/strong>\u00a0en todo el pa\u00eds, un \u00f3rgano directivo de car\u00e1cter nacional, delegaciones en cuando menos siete entidades federativas y documentos b\u00e1sicos que definan sus visiones pol\u00edticas. Por lo que esta nueva base pol\u00edtica, se sumar\u00e1 a la promoci\u00f3n de las llamadas\u00a0<em>corcholatas<\/em>\u00a0justo en los meses previos a que Morena lance la convocatoria y realice\u00a0la primera encuesta para definir a su candidatura, que pelear\u00e1 por mantener la Presidencia de la Rep\u00fablica.<\/p>\n\n\n\n<p><strong>Alianza Patri\u00f3tica por la 4T<\/strong>\u00a0est\u00e1 liderada por el ex subsecretario de Gobernaci\u00f3n, Ricardo Peralta quien promueve a Ad\u00e1n Augusto L\u00f3pez y que se registr\u00f3 con ocho mil 38 afiliados.<\/p>\n\n\n\n<p>Fuente: <a href=\"https:\/\/www.milenio.com\/politica\/nacen-tribus-morenistas-favor-corcholatas-rumbo-2024\" data-type=\"URL\" data-id=\"https:\/\/www.milenio.com\/politica\/nacen-tribus-morenistas-favor-corcholatas-rumbo-2024\">Milenio<\/a> <\/p>\n","protected":false},"excerpt":{"rendered":"<p>Las nuevas\u00a0Agrupaciones Pol\u00edticas Nacionales\u00a0tienen a su\u00a0corcholata\u00a0favorita. Y al menos tres de \u00e9stas, se alistan para ofrecer \u2018ej\u00e9rcitos\u2019 de entre ocho mil y 23 mil afiliados, para promoverlos en todo el pa\u00eds, rumbo a\u00a0la encuesta que definir\u00e1 al candidato presidencial de Morena para el 2024. Es el nacimiento de las tribus en Morena. El pasado 28 [&hellip;]<\/p>\n","protected":false},"author":35,"featured_media":85789,"comment_status":"open","ping_status":"open","sticky":false,"template":"","format":"standard","meta":{"_monsterinsights_skip_tracking":false,"_monsterinsights_sitenote_active":false,"_monsterinsights_sitenote_note":"","_monsterinsights_sitenote_category":0,"footnotes":""},"categories":[158],"tags":[17373,22950,25030],"class_list":["post-106017","post","type-post","status-publish","format-standard","has-post-thumbnail","hentry","category-politica","tag-corcholatas","tag-ofrecen","tag-tribus","wp-image-borders"],"amp_enabled":true,"_links":{"self":[{"href":"https:\/\/nvnoticias.mx\/index.php\/wp-json\/wp\/v2\/posts\/106017","targetHints":{"allow":["GET"]}}],"collection":[{"href":"https:\/\/nvnoticias.mx\/index.php\/wp-json\/wp\/v2\/posts"}],"about":[{"href":"https:\/\/nvnoticias.mx\/index.php\/wp-json\/wp\/v2\/types\/post"}],"author":[{"embeddable":true,"href":"https:\/\/nvnoticias.mx\/index.php\/wp-json\/wp\/v2\/users\/35"}],"replies":[{"embeddable":true,"href":"https:\/\/nvnoticias.mx\/index.php\/wp-json\/wp\/v2\/comments?post=106017"}],"version-history":[{"count":3,"href":"https:\/\/nvnoticias.mx\/index.php\/wp-json\/wp\/v2\/posts\/106017\/revisions"}],"predecessor-version":[{"id":106020,"href":"https:\/\/nvnoticias.mx\/index.php\/wp-json\/wp\/v2\/posts\/106017\/revisions\/106020"}],"wp:featuredmedia":[{"embeddable":true,"href":"https:\/\/nvnoticias.mx\/index.php\/wp-json\/wp\/v2\/media\/85789"}],"wp:attachment":[{"href":"https:\/\/nvnoticias.mx\/index.php\/wp-json\/wp\/v2\/media?parent=106017"}],"wp:term":[{"taxonomy":"category","embeddable":true,"href":"https:\/\/nvnoticias.mx\/index.php\/wp-json\/wp\/v2\/categories?post=106017"},{"taxonomy":"post_tag","embeddable":true,"href":"https:\/\/nvnoticias.mx\/index.php\/wp-json\/wp\/v2\/tags?post=106017"}],"curies":[{"name":"wp","href":"https:\/\/api.w.org\/{rel}","templated":true}]}}