{"id":105990,"date":"2023-05-09T15:39:00","date_gmt":"2023-05-09T20:39:00","guid":{"rendered":"https:\/\/nvnoticias.mx\/?p=105990"},"modified":"2023-05-09T15:50:37","modified_gmt":"2023-05-09T20:50:37","slug":"anuncia-mier-reforma-para-que-ministros-de-la-corte-sean-electos-por-ciudadanos","status":"publish","type":"post","link":"https:\/\/nvnoticias.mx\/index.php\/2023\/05\/09\/anuncia-mier-reforma-para-que-ministros-de-la-corte-sean-electos-por-ciudadanos\/","title":{"rendered":"Anuncia Mier reforma para que ministros de la Corte sean electos por ciudadanos"},"content":{"rendered":"\n<p>El coordinador de Morena en la C\u00e1mara de Diputados, <strong>Ignacio Mier Velazco<\/strong>, adelant\u00f3 que su grupo parlamentario impulsar\u00e1 a una iniciativa de reforma para que los <strong>ministros <\/strong>de la Suprema Corte de Justicia de la Naci\u00f3n (SCJN) sean<strong> elegidos por votaci\u00f3n ciudadana<\/strong>.<\/p>\n\n\n\n<p>En conferencia de prensa, el l\u00edder guinda explic\u00f3 que ese ser\u00e1 el tema central durante la reuni\u00f3n que la fracci\u00f3n parlamentaria sostendr\u00e1 este martes con el presidente nacional de Morena, Mario Delgado Carrillo.<\/p>\n\n\n\n<p>Detall\u00f3 que el dirigente nacional propondr\u00e1 que se incorpore a la agenda de trabajo una <strong>iniciativa <\/strong>que regrese esta facultad al pueblo de M\u00e9xico, \u201cy que no sean los partidos quienes definan a los magistrados\u201d.<\/p>\n\n\n\n<p>En su conferencia ma\u00f1anera de este martes en Palacio Nacional, el presidente <strong>Andr\u00e9s Manuel L\u00f3pez Obrador<\/strong> record\u00f3 que propondr\u00e1 una reforma al Poder Judicial para que los ministros de la Corte sean electos &#8220;por el pueblo&#8221;.<\/p>\n\n\n\n<p>Al opinar sobre el marco del fallo de la Corte contra las reformas del <a href=\"https:\/\/www.eluniversal.com.mx\/tag\/plan-b-de-amlo\/\" target=\"_blank\" rel=\"noreferrer noopener\"><strong>Plan B <\/strong><\/a>a las leyes secundarias en materia electoral avaladas por el Congreso nacional, el diputado expres\u00f3 que se trat\u00f3 de una miop\u00eda jur\u00eddica, que pierde de vista el fondo de las modificaciones en beneficio de la poblaci\u00f3n.<\/p>\n\n\n\n<p>\u201cEllos se fueron sobre nuestro Reglamento, la manera en que nos organizamos, no se fueron al fondo, si la ley era buena o mala; si mejoraba la vida p\u00fablica en M\u00e9xico, si mejoraba la relaci\u00f3n del Gobierno con los medios de comunicaci\u00f3n; si los medios ten\u00edan la oportunidad de garantizar el derecho de las y los mexicanos a estar informados\u201d, se\u00f1al\u00f3.<\/p>\n\n\n\n<p>Ignacio Mier, lament\u00f3 que la<a rel=\"noreferrer noopener\" href=\"https:\/\/www.eluniversal.com.mx\/tag\/scjn\/\" target=\"_blank\"><strong>Suprema Corte<\/strong><\/a> se haya mantenido al margen en 2013, cuando se aprob\u00f3, en 12 minutos y sin discusi\u00f3n, la reforma que hizo perder a la naci\u00f3n su soberan\u00eda energ\u00e9tica.<\/p>\n\n\n\n<p>Fuente: <a href=\"https:\/\/www.eluniversal.com.mx\/nacion\/ignacio-mier-anuncia-reforma-para-que-ministros-de-la-corte-sean-electos-por-ciudadanos-como-propone-amlo\/\" data-type=\"URL\" data-id=\"https:\/\/www.eluniversal.com.mx\/nacion\/ignacio-mier-anuncia-reforma-para-que-ministros-de-la-corte-sean-electos-por-ciudadanos-como-propone-amlo\/\">El Universal<\/a><\/p>\n","protected":false},"excerpt":{"rendered":"<p>El coordinador de Morena en la C\u00e1mara de Diputados, Ignacio Mier Velazco, adelant\u00f3 que su grupo parlamentario impulsar\u00e1 a una iniciativa de reforma para que los ministros de la Suprema Corte de Justicia de la Naci\u00f3n (SCJN) sean elegidos por votaci\u00f3n ciudadana. En conferencia de prensa, el l\u00edder guinda explic\u00f3 que ese ser\u00e1 el tema [&hellip;]<\/p>\n","protected":false},"author":35,"featured_media":85163,"comment_status":"open","ping_status":"open","sticky":false,"template":"","format":"standard","meta":{"_monsterinsights_skip_tracking":false,"_monsterinsights_sitenote_active":false,"_monsterinsights_sitenote_note":"","_monsterinsights_sitenote_category":0,"footnotes":""},"categories":[158],"tags":[2989,7727,14131,5068,6075,162,1942],"class_list":["post-105990","post","type-post","status-publish","format-standard","has-post-thumbnail","hentry","category-politica","tag-ciudadanos","tag-corte","tag-electos","tag-ignacio-mier","tag-ministros","tag-portada","tag-reforma","wp-image-borders"],"amp_enabled":true,"_links":{"self":[{"href":"https:\/\/nvnoticias.mx\/index.php\/wp-json\/wp\/v2\/posts\/105990","targetHints":{"allow":["GET"]}}],"collection":[{"href":"https:\/\/nvnoticias.mx\/index.php\/wp-json\/wp\/v2\/posts"}],"about":[{"href":"https:\/\/nvnoticias.mx\/index.php\/wp-json\/wp\/v2\/types\/post"}],"author":[{"embeddable":true,"href":"https:\/\/nvnoticias.mx\/index.php\/wp-json\/wp\/v2\/users\/35"}],"replies":[{"embeddable":true,"href":"https:\/\/nvnoticias.mx\/index.php\/wp-json\/wp\/v2\/comments?post=105990"}],"version-history":[{"count":1,"href":"https:\/\/nvnoticias.mx\/index.php\/wp-json\/wp\/v2\/posts\/105990\/revisions"}],"predecessor-version":[{"id":105991,"href":"https:\/\/nvnoticias.mx\/index.php\/wp-json\/wp\/v2\/posts\/105990\/revisions\/105991"}],"wp:featuredmedia":[{"embeddable":true,"href":"https:\/\/nvnoticias.mx\/index.php\/wp-json\/wp\/v2\/media\/85163"}],"wp:attachment":[{"href":"https:\/\/nvnoticias.mx\/index.php\/wp-json\/wp\/v2\/media?parent=105990"}],"wp:term":[{"taxonomy":"category","embeddable":true,"href":"https:\/\/nvnoticias.mx\/index.php\/wp-json\/wp\/v2\/categories?post=105990"},{"taxonomy":"post_tag","embeddable":true,"href":"https:\/\/nvnoticias.mx\/index.php\/wp-json\/wp\/v2\/tags?post=105990"}],"curies":[{"name":"wp","href":"https:\/\/api.w.org\/{rel}","templated":true}]}}