{"id":105968,"date":"2023-05-09T13:54:08","date_gmt":"2023-05-09T18:54:08","guid":{"rendered":"https:\/\/nvnoticias.mx\/?p=105968"},"modified":"2023-05-09T13:54:09","modified_gmt":"2023-05-09T18:54:09","slug":"habla-papa-francisco-sobre-acusaciones-en-la-dictadura-argentina","status":"publish","type":"post","link":"https:\/\/nvnoticias.mx\/index.php\/2023\/05\/09\/habla-papa-francisco-sobre-acusaciones-en-la-dictadura-argentina\/","title":{"rendered":"Habla papa Francisco sobre acusaciones en la dictadura argentina"},"content":{"rendered":"\n<p>El <strong>papa Francisco<\/strong> lament\u00f3 las acusaciones que recibi\u00f3 sobre sus acciones durante la <strong>dictadura militar en Argentina<\/strong> y defendi\u00f3 su inocencia: &#8220;Algunos en el gobierno quer\u00edan &#8216;cortarme la cabeza'&#8221;, dijo en una entrevista publicada por la revista jesuita &#8220;La Civilt\u00e0 Cattolica&#8221;.<\/p>\n\n\n\n<blockquote class=\"wp-block-quote is-layout-flow wp-block-quote-is-layout-flow\"><p>&#8220;Algunos en el gobierno quer\u00edan &#8216;cortarme la cabeza&#8217;, y sacaron a relucir no tanto este asunto de (el cura apresado Franz) J\u00e1lics, sino que pusieron en duda todo mi modo de actuar durante la dictadura. Entonces, me llamaron a juicio&#8221;, record\u00f3 el ahora pont\u00edfice en un encuentro con los jesuitas h\u00fangaros en su reciente viaje a Budapest.<\/p><\/blockquote>\n\n\n\n<p>Bergoglio, cardenal y arzobispo de Buenos Aires, eligi\u00f3 responder al interrogatorio en la sede del arzobispado en 2010 -en el primer mandato de <strong>Cristina Fern\u00e1ndez de Kirchner<\/strong>&#8211; y durante 4 horas y 10 minutos respondi\u00f3 a las preguntas de los investigadores.<\/p>\n\n\n\n<blockquote class=\"wp-block-quote is-layout-flow wp-block-quote-is-layout-flow\"><p>&#8220;Uno de los jueces insist\u00eda mucho en mi modo de comportarme. Yo siempre respond\u00ed con la verdad. Pero, para m\u00ed, la \u00fanica pregunta seria y bien fundada, fue la del abogado que pertenec\u00eda al Partido Comunista. Y gracias a esa pregunta las cosas se aclararon&#8221;, dijo.<\/p><\/blockquote>\n\n\n\n<p>Y agreg\u00f3: &#8220;Al final <strong>se comprob\u00f3 mi inocencia<\/strong>. Pero en ese juicio no se habl\u00f3 casi nada de J\u00e1lics, sino de otros casos de personas que hab\u00edan pedido ayuda&#8221;.<\/p>\n\n\n\n<p>Tras su elecci\u00f3n como papa, Francisco recibi\u00f3 cr\u00edticas por parte de algunos sectores en su pa\u00eds sobre su supuesto silencio en la dictadura militar (1976-1982), incluso la presidenta de las Abuelas de Plaza de Mayo, Estela de Carlotto, le invit\u00f3 a entonar el &#8220;mea culpa&#8221; por el papel de la Iglesia en ese periodo.<\/p>\n\n\n\n<p>Fuente:<a href=\"https:\/\/www.eluniversal.com.mx\/mundo\/querian-cortarme-la-cabeza-dice-el-papa-francisco-sobre-acusaciones-en-la-dictadura-argentina\/\" data-type=\"URL\" data-id=\"https:\/\/www.eluniversal.com.mx\/mundo\/querian-cortarme-la-cabeza-dice-el-papa-francisco-sobre-acusaciones-en-la-dictadura-argentina\/\"> El Universal<\/a><\/p>\n","protected":false},"excerpt":{"rendered":"<p>El papa Francisco lament\u00f3 las acusaciones que recibi\u00f3 sobre sus acciones durante la dictadura militar en Argentina y defendi\u00f3 su inocencia: &#8220;Algunos en el gobierno quer\u00edan &#8216;cortarme la cabeza&#8217;&#8221;, dijo en una entrevista publicada por la revista jesuita &#8220;La Civilt\u00e0 Cattolica&#8221;. &#8220;Algunos en el gobierno quer\u00edan &#8216;cortarme la cabeza&#8217;, y sacaron a relucir no tanto [&hellip;]<\/p>\n","protected":false},"author":35,"featured_media":27821,"comment_status":"open","ping_status":"open","sticky":false,"template":"","format":"standard","meta":{"_monsterinsights_skip_tracking":false,"_monsterinsights_sitenote_active":false,"_monsterinsights_sitenote_note":"","_monsterinsights_sitenote_category":0,"footnotes":""},"categories":[181],"tags":[6672,259,14823,4796],"class_list":["post-105968","post","type-post","status-publish","format-standard","has-post-thumbnail","hentry","category-internacional","tag-acusaciones","tag-argentina","tag-dictadura","tag-papa-francisco","wp-image-borders"],"amp_enabled":true,"_links":{"self":[{"href":"https:\/\/nvnoticias.mx\/index.php\/wp-json\/wp\/v2\/posts\/105968","targetHints":{"allow":["GET"]}}],"collection":[{"href":"https:\/\/nvnoticias.mx\/index.php\/wp-json\/wp\/v2\/posts"}],"about":[{"href":"https:\/\/nvnoticias.mx\/index.php\/wp-json\/wp\/v2\/types\/post"}],"author":[{"embeddable":true,"href":"https:\/\/nvnoticias.mx\/index.php\/wp-json\/wp\/v2\/users\/35"}],"replies":[{"embeddable":true,"href":"https:\/\/nvnoticias.mx\/index.php\/wp-json\/wp\/v2\/comments?post=105968"}],"version-history":[{"count":1,"href":"https:\/\/nvnoticias.mx\/index.php\/wp-json\/wp\/v2\/posts\/105968\/revisions"}],"predecessor-version":[{"id":105969,"href":"https:\/\/nvnoticias.mx\/index.php\/wp-json\/wp\/v2\/posts\/105968\/revisions\/105969"}],"wp:featuredmedia":[{"embeddable":true,"href":"https:\/\/nvnoticias.mx\/index.php\/wp-json\/wp\/v2\/media\/27821"}],"wp:attachment":[{"href":"https:\/\/nvnoticias.mx\/index.php\/wp-json\/wp\/v2\/media?parent=105968"}],"wp:term":[{"taxonomy":"category","embeddable":true,"href":"https:\/\/nvnoticias.mx\/index.php\/wp-json\/wp\/v2\/categories?post=105968"},{"taxonomy":"post_tag","embeddable":true,"href":"https:\/\/nvnoticias.mx\/index.php\/wp-json\/wp\/v2\/tags?post=105968"}],"curies":[{"name":"wp","href":"https:\/\/api.w.org\/{rel}","templated":true}]}}