{"id":105960,"date":"2023-05-09T13:09:31","date_gmt":"2023-05-09T18:09:31","guid":{"rendered":"https:\/\/nvnoticias.mx\/?p=105960"},"modified":"2023-05-09T13:09:32","modified_gmt":"2023-05-09T18:09:32","slug":"no-hay-climas-en-las-clinicas-57-y-71-del-imss-acusan-derechohabientes","status":"publish","type":"post","link":"https:\/\/nvnoticias.mx\/index.php\/2023\/05\/09\/no-hay-climas-en-las-clinicas-57-y-71-del-imss-acusan-derechohabientes\/","title":{"rendered":"No hay climas en las cl\u00ednicas 57 y 71 del IMSS, acusan derechohabientes"},"content":{"rendered":"\n<p><strong>Jes\u00fas Utrilla \/ NV Noticias  <\/strong><\/p>\n\n\n\n<p>Derechohabientes se quejaron de que no funcionan los aires acondicionados en las cl\u00ednicas 57 y 71 del Instituto Mexicano del Seguro Social, incluso ellos mismos tuvieron que comprar ventiladores para poder estar en ciertas \u00e1reas. <\/p>\n\n\n\n<p>Enrique Torres Verdejo se\u00f1al\u00f3 que su esposa estuvo internada en la cl\u00ednica de Cuauht\u00e9moc y solo contaron que un ventilador por la falta de climas. <\/p>\n\n\n\n<blockquote class=\"wp-block-quote is-layout-flow wp-block-quote-is-layout-flow\"><p>\u201c<em>Mi esposa estuvo internada en Cuauht\u00e9moc y tampoco hay clima, est\u00e1 peor, no sabe la cantidad de enfermos que est\u00e1n ah\u00ed, tenemos que llevar ventiladores para los enfermos, no hay clima y tan grande que es, solo hay clima en algunas \u00e1reas\u201d<\/em>. <\/p><\/blockquote>\n\n\n\n<p>Acus\u00f3 que tambi\u00e9n persiste el desabasto de medicamentos ya que tuvo que comprar las medicinas para el tratamiento del coraz\u00f3n de su esposa. <\/p>\n\n\n\n<p>En la caja de pastilla invirti\u00f3 3 mil pesos. Ante ello decidi\u00f3 hacer un pronunciamiento en la parte externa del IMSS para denunciar p\u00fablicamente los contratiempos a los que se enfrentaron \u00e9l y la paciente al acudir a solicitar el servicio de salud. <\/p>\n\n\n\n<blockquote class=\"wp-block-quote is-layout-flow wp-block-quote-is-layout-flow\"><p>\u201c<em>Yo me la pas\u00e9 23 d\u00edas ah\u00ed en Cuauht\u00e9moc y tuve que comprar un ventilador, a ella le hicieron un cateterismo del coraz\u00f3n. Tuvimos que llevar un ventilador y c\u00f3mo estaba en el quinto piso abr\u00edamos la ventana<\/em>\u201d. <\/p><\/blockquote>\n\n\n\n<p>Pidi\u00f3 atender la falta de medicamentos y el funcionamiento de los aires acondicionados sobre todo porque en Veracruz la temperatura es alta desde hace varias semanas y a los enfermos les incomoda esperar sin equipos de enfriamiento, en especial a quienes se encuentran internados. <\/p>\n","protected":false},"excerpt":{"rendered":"<p>Jes\u00fas Utrilla \/ NV Noticias Derechohabientes se quejaron de que no funcionan los aires acondicionados en las cl\u00ednicas 57 y 71 del Instituto Mexicano del Seguro Social, incluso ellos mismos tuvieron que comprar ventiladores para poder estar en ciertas \u00e1reas. Enrique Torres Verdejo se\u00f1al\u00f3 que su esposa estuvo internada en la cl\u00ednica de Cuauht\u00e9moc y [&hellip;]<\/p>\n","protected":false},"author":8,"featured_media":36291,"comment_status":"open","ping_status":"open","sticky":false,"template":"","format":"standard","meta":{"_monsterinsights_skip_tracking":false,"_monsterinsights_sitenote_active":false,"_monsterinsights_sitenote_note":"","_monsterinsights_sitenote_category":0,"footnotes":""},"categories":[154],"tags":[4887,8543,10468],"class_list":["post-105960","post","type-post","status-publish","format-standard","has-post-thumbnail","hentry","category-veracruz","tag-climas","tag-clinica-71","tag-imss-veracruz","wp-image-borders"],"amp_enabled":true,"_links":{"self":[{"href":"https:\/\/nvnoticias.mx\/index.php\/wp-json\/wp\/v2\/posts\/105960","targetHints":{"allow":["GET"]}}],"collection":[{"href":"https:\/\/nvnoticias.mx\/index.php\/wp-json\/wp\/v2\/posts"}],"about":[{"href":"https:\/\/nvnoticias.mx\/index.php\/wp-json\/wp\/v2\/types\/post"}],"author":[{"embeddable":true,"href":"https:\/\/nvnoticias.mx\/index.php\/wp-json\/wp\/v2\/users\/8"}],"replies":[{"embeddable":true,"href":"https:\/\/nvnoticias.mx\/index.php\/wp-json\/wp\/v2\/comments?post=105960"}],"version-history":[{"count":1,"href":"https:\/\/nvnoticias.mx\/index.php\/wp-json\/wp\/v2\/posts\/105960\/revisions"}],"predecessor-version":[{"id":105961,"href":"https:\/\/nvnoticias.mx\/index.php\/wp-json\/wp\/v2\/posts\/105960\/revisions\/105961"}],"wp:featuredmedia":[{"embeddable":true,"href":"https:\/\/nvnoticias.mx\/index.php\/wp-json\/wp\/v2\/media\/36291"}],"wp:attachment":[{"href":"https:\/\/nvnoticias.mx\/index.php\/wp-json\/wp\/v2\/media?parent=105960"}],"wp:term":[{"taxonomy":"category","embeddable":true,"href":"https:\/\/nvnoticias.mx\/index.php\/wp-json\/wp\/v2\/categories?post=105960"},{"taxonomy":"post_tag","embeddable":true,"href":"https:\/\/nvnoticias.mx\/index.php\/wp-json\/wp\/v2\/tags?post=105960"}],"curies":[{"name":"wp","href":"https:\/\/api.w.org\/{rel}","templated":true}]}}