{"id":1059,"date":"2021-01-14T08:18:33","date_gmt":"2021-01-14T14:18:33","guid":{"rendered":"https:\/\/nvnoticias.mx\/?p=1059"},"modified":"2021-01-14T09:57:58","modified_gmt":"2021-01-14T15:57:58","slug":"solicita-lilly-tellez-informacion-sobre-vacunas-que-reservo-el-gobierno-federal","status":"publish","type":"post","link":"https:\/\/nvnoticias.mx\/index.php\/2021\/01\/14\/solicita-lilly-tellez-informacion-sobre-vacunas-que-reservo-el-gobierno-federal\/","title":{"rendered":"Solicita Lilly T\u00e9llez informaci\u00f3n sobre vacunas que reserv\u00f3 el gobierno federal"},"content":{"rendered":"\n<p>La senadora del PAN, Lilly T\u00e9llez, present\u00f3 una solicitud de informaci\u00f3n sobre los contratos con empresas farmac\u00e9uticas para la compra de vacunas contra el covid-19, datos que fueron puesto bajo reserva por el gobierno federal.<\/p>\n\n\n\n<p>Luego de que el secretario de Relaciones Exteriores, Marcelo Ebrard, informara que los contratos para la compra de vacunas tienen restricciones de informaci\u00f3n, la legisladora dio a conocer que dirigi\u00f3 una solicitud a la Secretar\u00eda de Salud con 45 puntos para saber cu\u00e1les fueron las negociaciones previas para la firma de los contratos con las farmac\u00e9uticas y si las empresas impusieron alg\u00fan tipo de condici\u00f3n o acuerdos para la compraventa de las vacunas.<\/p>\n\n\n\n<p>Lilly T\u00e9llez consider\u00f3 que la restricci\u00f3n de los documentos con las farmac\u00e9uticas bajo el argumento de \u201cno causar da\u00f1o en la obtenci\u00f3n de la vacuna\u201d, como difundi\u00f3 la Secretar\u00eda de Relaciones Exteriores, \u201crefleja una vez m\u00e1s la opacidad y el desastre en el manejo de la pandemia y en el programa nacional de vacunaci\u00f3n\u201d.<\/p>\n\n\n\n<p>La exsenadora de Morena asegur\u00f3 que todos los ciudadanos tienen el derecho a conocer todo lo relacionado con la adquisici\u00f3n de las vacunas, como el precio, qui\u00e9n ser\u00e1 el responsable en caso de que no funcione y los protocolos de manejo del ant\u00edgeno.<\/p>\n\n\n\n<figure class=\"wp-block-embed is-type-rich is-provider-twitter wp-block-embed-twitter\"><div class=\"wp-block-embed__wrapper\">\n<blockquote class=\"twitter-tweet\" data-width=\"550\" data-dnt=\"true\"><p lang=\"es\" dir=\"ltr\">En 72 horas me van a responder <a href=\"https:\/\/twitter.com\/SSalud_mx?ref_src=twsrc%5Etfw\">@SSalud_mx<\/a> <a href=\"https:\/\/t.co\/atZWZqTgzm\">pic.twitter.com\/atZWZqTgzm<\/a><\/p>&mdash; Lilly T\u00e9llez (@LillyTellez) <a href=\"https:\/\/twitter.com\/LillyTellez\/status\/1349027163241021445?ref_src=twsrc%5Etfw\">January 12, 2021<\/a><\/blockquote><script async src=\"https:\/\/platform.twitter.com\/widgets.js\" charset=\"utf-8\"><\/script>\n<\/div><\/figure>\n\n\n\n<p>Fuente : Proceso <\/p>\n","protected":false},"excerpt":{"rendered":"<p>La senadora del PAN, Lilly T\u00e9llez, present\u00f3 una solicitud de informaci\u00f3n sobre los contratos con empresas farmac\u00e9uticas para la compra de vacunas contra el covid-19, datos que fueron puesto bajo reserva por el gobierno federal. Luego de que el secretario de Relaciones Exteriores, Marcelo Ebrard, informara que los contratos para la compra de vacunas tienen [&hellip;]<\/p>\n","protected":false},"author":6,"featured_media":1079,"comment_status":"open","ping_status":"open","sticky":false,"template":"","format":"standard","meta":{"_monsterinsights_skip_tracking":false,"_monsterinsights_sitenote_active":false,"_monsterinsights_sitenote_note":"","_monsterinsights_sitenote_category":0,"footnotes":""},"categories":[157],"tags":[175,162,369,217],"class_list":["post-1059","post","type-post","status-publish","format-standard","has-post-thumbnail","hentry","category-nacional","tag-covid-19","tag-portada","tag-senado","tag-vacuna","wp-image-borders"],"amp_enabled":true,"_links":{"self":[{"href":"https:\/\/nvnoticias.mx\/index.php\/wp-json\/wp\/v2\/posts\/1059","targetHints":{"allow":["GET"]}}],"collection":[{"href":"https:\/\/nvnoticias.mx\/index.php\/wp-json\/wp\/v2\/posts"}],"about":[{"href":"https:\/\/nvnoticias.mx\/index.php\/wp-json\/wp\/v2\/types\/post"}],"author":[{"embeddable":true,"href":"https:\/\/nvnoticias.mx\/index.php\/wp-json\/wp\/v2\/users\/6"}],"replies":[{"embeddable":true,"href":"https:\/\/nvnoticias.mx\/index.php\/wp-json\/wp\/v2\/comments?post=1059"}],"version-history":[{"count":1,"href":"https:\/\/nvnoticias.mx\/index.php\/wp-json\/wp\/v2\/posts\/1059\/revisions"}],"predecessor-version":[{"id":1061,"href":"https:\/\/nvnoticias.mx\/index.php\/wp-json\/wp\/v2\/posts\/1059\/revisions\/1061"}],"wp:featuredmedia":[{"embeddable":true,"href":"https:\/\/nvnoticias.mx\/index.php\/wp-json\/wp\/v2\/media\/1079"}],"wp:attachment":[{"href":"https:\/\/nvnoticias.mx\/index.php\/wp-json\/wp\/v2\/media?parent=1059"}],"wp:term":[{"taxonomy":"category","embeddable":true,"href":"https:\/\/nvnoticias.mx\/index.php\/wp-json\/wp\/v2\/categories?post=1059"},{"taxonomy":"post_tag","embeddable":true,"href":"https:\/\/nvnoticias.mx\/index.php\/wp-json\/wp\/v2\/tags?post=1059"}],"curies":[{"name":"wp","href":"https:\/\/api.w.org\/{rel}","templated":true}]}}