{"id":105870,"date":"2023-05-08T12:35:00","date_gmt":"2023-05-08T17:35:00","guid":{"rendered":"https:\/\/nvnoticias.mx\/?p=105870"},"modified":"2023-05-08T22:22:02","modified_gmt":"2023-05-09T03:22:02","slug":"en-julio-iniciaran-cursos-para-capacitarse-en-oficios-diversos","status":"publish","type":"post","link":"https:\/\/nvnoticias.mx\/index.php\/2023\/05\/08\/en-julio-iniciaran-cursos-para-capacitarse-en-oficios-diversos\/","title":{"rendered":"En julio iniciar\u00e1n cursos para capacitarse en oficios diversos"},"content":{"rendered":"\n<p><strong>Jes\u00fas Utrilla&nbsp;| NV Noticias<\/strong><\/p>\n\n\n\n<p>La regidora 12 del Ayuntamiento de Veracruz, Lissethe Mart\u00ednez Echeverr\u00eda, encabez\u00f3 a la Ceremonia de Graduaci\u00f3n del Programa L\u00edderes Solidarios, que realiz\u00f3 la Regidur\u00eda 12.<\/p>\n\n\n\n<p>Fueron 258 hombres y mujeres que se capacitaron en oficios como aplicaci\u00f3n de u\u00f1as de acr\u00edlico, cortes de cabello, barbershop, maquillaje, reposter\u00eda y cocina.<\/p>\n\n\n\n<blockquote class=\"wp-block-quote is-layout-flow wp-block-quote-is-layout-flow\"><p>\u201cEste ha sido un acto importante para que la familia genere econom\u00eda. Cerca de 255 fueron mujeres y tres hombres. Llevamos 10 a\u00f1os haciendo capacitaciones para el empleo. He trabajado generando estas herramientas para mejorar la econom\u00eda veracruzana\u201d.<\/p><\/blockquote>\n\n\n\n<p>A inicios de julio se llevar\u00e1 a cabo la nueva convocatoria para quienes deseen capacitarse y mejorar su econom\u00eda. La convocatoria se da a conocer a trav\u00e9s de las redes sociales de la Regidur\u00eda 12 del Ayuntamiento de Veracruz.<\/p>\n\n\n\n<p>Admiti\u00f3 que no todos emprenden por falta de recursos, sin embargo, ya tienen la capacitaci\u00f3n y pueden obtener recursos y apoyos.<\/p>\n\n\n\n<blockquote class=\"wp-block-quote is-layout-flow wp-block-quote-is-layout-flow\"><p>\u201cVamos directamente a las colonias y hacemos un diagn\u00f3stico de c\u00f3mo est\u00e1 su colonia y con base a ello llevamos talleres, mobiliario y capacitados dos horas, dos d\u00edas por semana en seis meses y les damos constancia de capacitaci\u00f3n\u201d.&nbsp;<\/p><\/blockquote>\n\n\n\n<p>Tambi\u00e9n hay becas al cien por ciento para que las personas concluyan su bachillerato en l\u00ednea y est\u00e1 avalado por la Secretar\u00eda de Educaci\u00f3n de Veracruz. Ya son tres generaciones graduadas y actualmente hay m\u00e1s personas prepar\u00e1ndose.&nbsp;<\/p>\n","protected":false},"excerpt":{"rendered":"<p>Jes\u00fas Utrilla&nbsp;| NV Noticias La regidora 12 del Ayuntamiento de Veracruz, Lissethe Mart\u00ednez Echeverr\u00eda, encabez\u00f3 a la Ceremonia de Graduaci\u00f3n del Programa L\u00edderes Solidarios, que realiz\u00f3 la Regidur\u00eda 12. Fueron 258 hombres y mujeres que se capacitaron en oficios como aplicaci\u00f3n de u\u00f1as de acr\u00edlico, cortes de cabello, barbershop, maquillaje, reposter\u00eda y cocina. \u201cEste ha [&hellip;]<\/p>\n","protected":false},"author":8,"featured_media":105871,"comment_status":"open","ping_status":"open","sticky":false,"template":"","format":"standard","meta":{"_monsterinsights_skip_tracking":false,"_monsterinsights_sitenote_active":false,"_monsterinsights_sitenote_note":"","_monsterinsights_sitenote_category":0,"footnotes":""},"categories":[154],"tags":[25008,3016,21437,25007,25009],"class_list":["post-105870","post","type-post","status-publish","format-standard","has-post-thumbnail","hentry","category-veracruz","tag-capacitarse","tag-cursos","tag-diversos","tag-iniciaran","tag-oficios","wp-image-borders"],"amp_enabled":true,"_links":{"self":[{"href":"https:\/\/nvnoticias.mx\/index.php\/wp-json\/wp\/v2\/posts\/105870","targetHints":{"allow":["GET"]}}],"collection":[{"href":"https:\/\/nvnoticias.mx\/index.php\/wp-json\/wp\/v2\/posts"}],"about":[{"href":"https:\/\/nvnoticias.mx\/index.php\/wp-json\/wp\/v2\/types\/post"}],"author":[{"embeddable":true,"href":"https:\/\/nvnoticias.mx\/index.php\/wp-json\/wp\/v2\/users\/8"}],"replies":[{"embeddable":true,"href":"https:\/\/nvnoticias.mx\/index.php\/wp-json\/wp\/v2\/comments?post=105870"}],"version-history":[{"count":2,"href":"https:\/\/nvnoticias.mx\/index.php\/wp-json\/wp\/v2\/posts\/105870\/revisions"}],"predecessor-version":[{"id":105892,"href":"https:\/\/nvnoticias.mx\/index.php\/wp-json\/wp\/v2\/posts\/105870\/revisions\/105892"}],"wp:featuredmedia":[{"embeddable":true,"href":"https:\/\/nvnoticias.mx\/index.php\/wp-json\/wp\/v2\/media\/105871"}],"wp:attachment":[{"href":"https:\/\/nvnoticias.mx\/index.php\/wp-json\/wp\/v2\/media?parent=105870"}],"wp:term":[{"taxonomy":"category","embeddable":true,"href":"https:\/\/nvnoticias.mx\/index.php\/wp-json\/wp\/v2\/categories?post=105870"},{"taxonomy":"post_tag","embeddable":true,"href":"https:\/\/nvnoticias.mx\/index.php\/wp-json\/wp\/v2\/tags?post=105870"}],"curies":[{"name":"wp","href":"https:\/\/api.w.org\/{rel}","templated":true}]}}