{"id":105868,"date":"2023-05-08T13:13:00","date_gmt":"2023-05-08T18:13:00","guid":{"rendered":"https:\/\/nvnoticias.mx\/?p=105868"},"modified":"2023-05-08T22:23:03","modified_gmt":"2023-05-09T03:23:03","slug":"se-pronuncia-la-canacintra-contra-reduccion-de-jornada-laboral","status":"publish","type":"post","link":"https:\/\/nvnoticias.mx\/index.php\/2023\/05\/08\/se-pronuncia-la-canacintra-contra-reduccion-de-jornada-laboral\/","title":{"rendered":"Se pronuncia la Canacintra contra reducci\u00f3n de jornada laboral"},"content":{"rendered":"\n<p><strong>Jes\u00fas Utrilla | NV Noticias<\/strong><\/p>\n\n\n\n<p>Si se aprueba la disminuci\u00f3n de la jornada laboral habr\u00e1 despidos y recorte de salarios, advirti\u00f3 la presidenta C\u00e1mara Nacional de la Industria de la Transformaci\u00f3n (CANACINTRA) en Veracruz, Mildred Ch\u00e1vez Aguilar.<\/p>\n\n\n\n<p>Dijo que hay compa\u00f1\u00edas que trabajan 24 horas los siete d\u00edas de la semana y les afectar\u00e1 en algunos casos, el que se obligatorio tener quedar un d\u00eda de descanso adicional a los empleados, por lo que llam\u00f3 los diputados a reconsiderar el planteamiento.<\/p>\n\n\n\n<blockquote class=\"wp-block-quote is-layout-flow wp-block-quote-is-layout-flow\"><p>&#8220;En las ciudades fronterizas que tienen mayor salario que las del sur, probablemente aguanten poquito m\u00e1s que nosotros, va a estar un poquito complicado, habr\u00e1 que sostenerse, habr\u00e1 que llegar a alg\u00fan acuerdo pero si definitivamente no es opci\u00f3n el hacer este cambio en horas laborales&#8221;.<\/p><\/blockquote>\n\n\n\n<p>Se dijo preocupada por su posible aprobaci\u00f3n ya que a su parecer no es viable pues habr\u00eda despidos y reducci\u00f3n de salarios.<\/p>\n\n\n\n<p>Adem\u00e1s no es momento para otorgar a los trabajadores m\u00e1s d\u00edas de descanso semanales.<br>Cabe recordar que en la C\u00e1mara de Diputados fue aprobado un dictamen mediante el cual se propone una nueva reforma laboral en M\u00e9xico, donde los trabajadores cuenten con menos horas laborales y m\u00e1s d\u00edas de descanso obligatorio ante la Ley Federal del Trabajo (LFT).<\/p>\n","protected":false},"excerpt":{"rendered":"<p>Jes\u00fas Utrilla | NV Noticias Si se aprueba la disminuci\u00f3n de la jornada laboral habr\u00e1 despidos y recorte de salarios, advirti\u00f3 la presidenta C\u00e1mara Nacional de la Industria de la Transformaci\u00f3n (CANACINTRA) en Veracruz, Mildred Ch\u00e1vez Aguilar. Dijo que hay compa\u00f1\u00edas que trabajan 24 horas los siete d\u00edas de la semana y les afectar\u00e1 en [&hellip;]<\/p>\n","protected":false},"author":8,"featured_media":44378,"comment_status":"open","ping_status":"open","sticky":false,"template":"","format":"standard","meta":{"_monsterinsights_skip_tracking":false,"_monsterinsights_sitenote_active":false,"_monsterinsights_sitenote_note":"","_monsterinsights_sitenote_category":0,"footnotes":""},"categories":[154],"tags":[275,24964,4110],"class_list":["post-105868","post","type-post","status-publish","format-standard","has-post-thumbnail","hentry","category-veracruz","tag-canacintra","tag-jornada-laboral","tag-reduccion","wp-image-borders"],"amp_enabled":true,"_links":{"self":[{"href":"https:\/\/nvnoticias.mx\/index.php\/wp-json\/wp\/v2\/posts\/105868","targetHints":{"allow":["GET"]}}],"collection":[{"href":"https:\/\/nvnoticias.mx\/index.php\/wp-json\/wp\/v2\/posts"}],"about":[{"href":"https:\/\/nvnoticias.mx\/index.php\/wp-json\/wp\/v2\/types\/post"}],"author":[{"embeddable":true,"href":"https:\/\/nvnoticias.mx\/index.php\/wp-json\/wp\/v2\/users\/8"}],"replies":[{"embeddable":true,"href":"https:\/\/nvnoticias.mx\/index.php\/wp-json\/wp\/v2\/comments?post=105868"}],"version-history":[{"count":1,"href":"https:\/\/nvnoticias.mx\/index.php\/wp-json\/wp\/v2\/posts\/105868\/revisions"}],"predecessor-version":[{"id":105869,"href":"https:\/\/nvnoticias.mx\/index.php\/wp-json\/wp\/v2\/posts\/105868\/revisions\/105869"}],"wp:featuredmedia":[{"embeddable":true,"href":"https:\/\/nvnoticias.mx\/index.php\/wp-json\/wp\/v2\/media\/44378"}],"wp:attachment":[{"href":"https:\/\/nvnoticias.mx\/index.php\/wp-json\/wp\/v2\/media?parent=105868"}],"wp:term":[{"taxonomy":"category","embeddable":true,"href":"https:\/\/nvnoticias.mx\/index.php\/wp-json\/wp\/v2\/categories?post=105868"},{"taxonomy":"post_tag","embeddable":true,"href":"https:\/\/nvnoticias.mx\/index.php\/wp-json\/wp\/v2\/tags?post=105868"}],"curies":[{"name":"wp","href":"https:\/\/api.w.org\/{rel}","templated":true}]}}