{"id":105862,"date":"2023-05-08T15:19:55","date_gmt":"2023-05-08T20:19:55","guid":{"rendered":"https:\/\/nvnoticias.mx\/?p=105862"},"modified":"2023-05-08T15:19:57","modified_gmt":"2023-05-08T20:19:57","slug":"no-piensa-sheinbaum-renunciar-para-dedicarse-a-la-eleccion-presidencial-de-2024","status":"publish","type":"post","link":"https:\/\/nvnoticias.mx\/index.php\/2023\/05\/08\/no-piensa-sheinbaum-renunciar-para-dedicarse-a-la-eleccion-presidencial-de-2024\/","title":{"rendered":"No piensa Sheinbaum renunciar para dedicarse a la elecci\u00f3n presidencial de 2024"},"content":{"rendered":"\n<p>La jefa de Gobierno,<strong> Claudia Sheinbaum<\/strong>, dijo que en este momento no tiene pensado renunciar para dedicarse a la <strong>elecci\u00f3n presidencial de 2024<\/strong>, y que ello se definir\u00e1 si sale arriba de las encuestas internas de <strong>Morena.<\/strong><\/p>\n\n\n\n<p>&#8220;Por el momento no tenemos pensado renunciar, todav\u00eda tenemos <strong>muchas cosas que cumplir <\/strong>en la <strong>Ciudad<\/strong>, y eso en todo caso se ver\u00e1 despu\u00e9s si salimos arriba en las encuestas de Morena&#8221;, asegur\u00f3 tras el banderazo de salida de nuevas unidades del<strong> troleb\u00fas.<\/strong><\/p>\n\n\n\n<p>La mandataria capitalina mencion\u00f3 que, desde hace un a\u00f1o a la actualidad, ha recorrido todas las entidades del pa\u00eds, pero aclar\u00f3 que lo hace con recursos propios y a invitaci\u00f3n expresa de las entidades.<\/p>\n\n\n\n<blockquote class=\"wp-block-quote is-layout-flow wp-block-quote-is-layout-flow\"><p>&#8220;No es que estemos usando recursos del Gobierno de la Ciudad para estos viajes, si acaso me acompa\u00f1a Paulina como coordinadora de Comunicaci\u00f3n Social, pero las invitaciones son como jefa de Gobierno, pero en mi caso los boletos de avi\u00f3n son pagados por m\u00ed para que no haya ninguna utilizaci\u00f3n del recurso p\u00fablico&#8221;, aclar\u00f3.<\/p><\/blockquote>\n\n\n\n<p>A pregunta expresa sobre a qu\u00e9 atribuye de que est\u00e9 arriba de las encuestas, Sheinbaum se\u00f1al\u00f3 que se debe que la gente quiere que <strong>siga la Cuarta Transformaci\u00f3n, <\/strong>eval\u00faan el trabajo que ha hecho en la capital y que porque es mujer.<\/p>\n\n\n\n<p>Fuente: <a href=\"https:\/\/www.eluniversal.com.mx\/metropoli\/por-el-momento-no-sheinbaum-dice-que-no-piensa-renunciar-para-dedicarse-a-la-eleccion-presidencial-de-2024\/\" data-type=\"URL\" data-id=\"https:\/\/www.eluniversal.com.mx\/metropoli\/por-el-momento-no-sheinbaum-dice-que-no-piensa-renunciar-para-dedicarse-a-la-eleccion-presidencial-de-2024\/\">El Universal<\/a><\/p>\n","protected":false},"excerpt":{"rendered":"<p>La jefa de Gobierno, Claudia Sheinbaum, dijo que en este momento no tiene pensado renunciar para dedicarse a la elecci\u00f3n presidencial de 2024, y que ello se definir\u00e1 si sale arriba de las encuestas internas de Morena. &#8220;Por el momento no tenemos pensado renunciar, todav\u00eda tenemos muchas cosas que cumplir en la Ciudad, y eso [&hellip;]<\/p>\n","protected":false},"author":35,"featured_media":46040,"comment_status":"open","ping_status":"open","sticky":false,"template":"","format":"standard","meta":{"_monsterinsights_skip_tracking":false,"_monsterinsights_sitenote_active":false,"_monsterinsights_sitenote_note":"","_monsterinsights_sitenote_category":0,"footnotes":""},"categories":[158],"tags":[2801,7291],"class_list":["post-105862","post","type-post","status-publish","format-standard","has-post-thumbnail","hentry","category-politica","tag-claudia-sheinbaum","tag-eleccion-presidencial","wp-image-borders"],"amp_enabled":true,"_links":{"self":[{"href":"https:\/\/nvnoticias.mx\/index.php\/wp-json\/wp\/v2\/posts\/105862","targetHints":{"allow":["GET"]}}],"collection":[{"href":"https:\/\/nvnoticias.mx\/index.php\/wp-json\/wp\/v2\/posts"}],"about":[{"href":"https:\/\/nvnoticias.mx\/index.php\/wp-json\/wp\/v2\/types\/post"}],"author":[{"embeddable":true,"href":"https:\/\/nvnoticias.mx\/index.php\/wp-json\/wp\/v2\/users\/35"}],"replies":[{"embeddable":true,"href":"https:\/\/nvnoticias.mx\/index.php\/wp-json\/wp\/v2\/comments?post=105862"}],"version-history":[{"count":1,"href":"https:\/\/nvnoticias.mx\/index.php\/wp-json\/wp\/v2\/posts\/105862\/revisions"}],"predecessor-version":[{"id":105863,"href":"https:\/\/nvnoticias.mx\/index.php\/wp-json\/wp\/v2\/posts\/105862\/revisions\/105863"}],"wp:featuredmedia":[{"embeddable":true,"href":"https:\/\/nvnoticias.mx\/index.php\/wp-json\/wp\/v2\/media\/46040"}],"wp:attachment":[{"href":"https:\/\/nvnoticias.mx\/index.php\/wp-json\/wp\/v2\/media?parent=105862"}],"wp:term":[{"taxonomy":"category","embeddable":true,"href":"https:\/\/nvnoticias.mx\/index.php\/wp-json\/wp\/v2\/categories?post=105862"},{"taxonomy":"post_tag","embeddable":true,"href":"https:\/\/nvnoticias.mx\/index.php\/wp-json\/wp\/v2\/tags?post=105862"}],"curies":[{"name":"wp","href":"https:\/\/api.w.org\/{rel}","templated":true}]}}