{"id":105860,"date":"2023-05-08T14:08:15","date_gmt":"2023-05-08T19:08:15","guid":{"rendered":"https:\/\/nvnoticias.mx\/?p=105860"},"modified":"2023-05-08T14:08:16","modified_gmt":"2023-05-08T19:08:16","slug":"reafirma-monreal-intencion-de-competir-por-candidatura-presidencial","status":"publish","type":"post","link":"https:\/\/nvnoticias.mx\/index.php\/2023\/05\/08\/reafirma-monreal-intencion-de-competir-por-candidatura-presidencial\/","title":{"rendered":"Reafirma Monreal intenci\u00f3n de competir por candidatura presidencial"},"content":{"rendered":"\n<p>El l\u00edder parlamentario de <strong>Morena<\/strong> en el Senado de la Rep\u00fablica, Ricardo Monreal, reafirm\u00f3 su intenci\u00f3n de competir por la candidatura de Morena a la presidencia de la Rep\u00fablica, una vez que el partido expida la convocatoria.<\/p>\n\n\n\n<p>En su encuentro con j\u00f3venes \u201cEn busca de un mejor M\u00e9xico\u201d, celebrado en la antigua sede senatorial de Xicot\u00e9ncatl, el legislador se\u00f1al\u00f3:<\/p>\n\n\n\n<blockquote class=\"wp-block-quote is-layout-flow wp-block-quote-is-layout-flow\"><p>\u201cYo me siento muy contento; cuando me preguntaban ah\u00ed dentro de mi intenci\u00f3n y pretensi\u00f3n era ser presidente de la Rep\u00fablica, les dije y les digo que voy a luchar una vez que la convocatoria se expida y voy a luchar por un M\u00e9xico mejor, un M\u00e9xico m\u00e1s pr\u00f3spero\u201d.<\/p><\/blockquote>\n\n\n\n<p>Monreal ratific\u00f3 sus aspiraciones presidenciales, tras afirmar el pasado jueves que prefiere \u201cno ser nada\u201d y \u201cno participar en nada\u201d, antes que traicionar al presidente Andr\u00e9s Manuel L\u00f3pez Obrador.<\/p>\n\n\n\n<blockquote class=\"wp-block-quote is-layout-flow wp-block-quote-is-layout-flow\"><p>\u201cHe dicho y sostengo que, como fundador y como militante de Morena, nunca voy a traicionar al Presidente, al licenciado L\u00f3pez Obrador, prefiero no ser nada, prefiero no participar en nada antes que traicionar al Presidente de la Rep\u00fablica, a quien reconozco y he caminado larga traves\u00eda de 26 a\u00f1os\u201d, declar\u00f3.<\/p><\/blockquote>\n\n\n\n<p>Fuente: <a href=\"https:\/\/www.milenio.com\/politica\/elecciones\/ricardo-monreal-reafirma-intencion-competir-presidencia\" data-type=\"URL\" data-id=\"https:\/\/www.milenio.com\/politica\/elecciones\/ricardo-monreal-reafirma-intencion-competir-presidencia\">Milenio<\/a><\/p>\n","protected":false},"excerpt":{"rendered":"<p>El l\u00edder parlamentario de Morena en el Senado de la Rep\u00fablica, Ricardo Monreal, reafirm\u00f3 su intenci\u00f3n de competir por la candidatura de Morena a la presidencia de la Rep\u00fablica, una vez que el partido expida la convocatoria. En su encuentro con j\u00f3venes \u201cEn busca de un mejor M\u00e9xico\u201d, celebrado en la antigua sede senatorial de [&hellip;]<\/p>\n","protected":false},"author":35,"featured_media":25845,"comment_status":"open","ping_status":"open","sticky":false,"template":"","format":"standard","meta":{"_monsterinsights_skip_tracking":false,"_monsterinsights_sitenote_active":false,"_monsterinsights_sitenote_note":"","_monsterinsights_sitenote_category":0,"footnotes":""},"categories":[158],"tags":[1975,10516,16908,6350,11838,600],"class_list":["post-105860","post","type-post","status-publish","format-standard","has-post-thumbnail","hentry","category-politica","tag-candidatura","tag-competir","tag-intencion","tag-presidencial","tag-reafirma","tag-ricardo-monreal","wp-image-borders"],"amp_enabled":true,"_links":{"self":[{"href":"https:\/\/nvnoticias.mx\/index.php\/wp-json\/wp\/v2\/posts\/105860","targetHints":{"allow":["GET"]}}],"collection":[{"href":"https:\/\/nvnoticias.mx\/index.php\/wp-json\/wp\/v2\/posts"}],"about":[{"href":"https:\/\/nvnoticias.mx\/index.php\/wp-json\/wp\/v2\/types\/post"}],"author":[{"embeddable":true,"href":"https:\/\/nvnoticias.mx\/index.php\/wp-json\/wp\/v2\/users\/35"}],"replies":[{"embeddable":true,"href":"https:\/\/nvnoticias.mx\/index.php\/wp-json\/wp\/v2\/comments?post=105860"}],"version-history":[{"count":1,"href":"https:\/\/nvnoticias.mx\/index.php\/wp-json\/wp\/v2\/posts\/105860\/revisions"}],"predecessor-version":[{"id":105861,"href":"https:\/\/nvnoticias.mx\/index.php\/wp-json\/wp\/v2\/posts\/105860\/revisions\/105861"}],"wp:featuredmedia":[{"embeddable":true,"href":"https:\/\/nvnoticias.mx\/index.php\/wp-json\/wp\/v2\/media\/25845"}],"wp:attachment":[{"href":"https:\/\/nvnoticias.mx\/index.php\/wp-json\/wp\/v2\/media?parent=105860"}],"wp:term":[{"taxonomy":"category","embeddable":true,"href":"https:\/\/nvnoticias.mx\/index.php\/wp-json\/wp\/v2\/categories?post=105860"},{"taxonomy":"post_tag","embeddable":true,"href":"https:\/\/nvnoticias.mx\/index.php\/wp-json\/wp\/v2\/tags?post=105860"}],"curies":[{"name":"wp","href":"https:\/\/api.w.org\/{rel}","templated":true}]}}