{"id":105846,"date":"2023-05-08T13:13:53","date_gmt":"2023-05-08T18:13:53","guid":{"rendered":"https:\/\/nvnoticias.mx\/?p=105846"},"modified":"2023-05-08T13:13:55","modified_gmt":"2023-05-08T18:13:55","slug":"envia-protagonista-de-queen-charlotte-poderoso-mensaje","status":"publish","type":"post","link":"https:\/\/nvnoticias.mx\/index.php\/2023\/05\/08\/envia-protagonista-de-queen-charlotte-poderoso-mensaje\/","title":{"rendered":"Env\u00eda protagonista de &#8220;Queen Charlotte&#8221; poderoso mensaje"},"content":{"rendered":"\n<p>Luego del impresionante \u00e9xito que signific\u00f3 el estreno de \u201cBridgerton\u201d en Netflix, el servicio de streaming le dio luz verde a varios proyectos inspirados la saga de libros escritos por Julia Quinn, incluyendo una temporada adicional y una precuela centrada en uno de los personajes m\u00e1s destacados.<\/p>\n\n\n\n<p>Como se recuerda, mientras que la primera temporada se estren\u00f3 en diciembre del 2020 y estuvo inspirada en el libro \u201cEl duque y yo\u201d (\u201cThe Duke and I\u201d), la <strong>segunda entrega <\/strong>se lanz\u00f3 en marzo del 2022 y sigue los eventos del libro <a rel=\"noreferrer noopener\" href=\"https:\/\/mag.elcomercio.pe\/fama\/bridgerton-10-diferencias-entre-la-temporada-2-y-el-libro-el-vizconde-que-me-amo-julia-quinn-the-viscount-who-loved-me-series-de-netflix-nnda-nnlt-noticia\/\" target=\"_blank\">\u201cEl vizconde que me am\u00f3\u201d (\u201cThe Viscount Who Loved Me\u201d)<\/a><\/p>\n\n\n\n<p>Fue as\u00ed como el 4 de mayo lleg\u00f3 a la plataforma \u201c<strong>La reina Charlotte: Una historia de Bridgerton<\/strong>\u201d, una serie tambi\u00e9n ubicada durante el periodo de la Regencia y que sigue a uno de los personajes m\u00e1s queridos y controversiales de la saga.<\/p>\n\n\n\n<p>La nueva producci\u00f3n sigue el ascenso al poder de Charlotte, quien en anteriores entregas fue interpretada por <strong>Golda Rosheuvel<\/strong>,pero cuya versi\u00f3n juvenil ser\u00e1 llevada por <strong>India Amarteifio<\/strong>.<\/p>\n\n\n\n<p>Como era de esperarse, gran parte de la historia se centrar\u00e1 en las presiones que soportar\u00e1 la reina y c\u00f3mo consigue superarlas para ser el imponente personaje que se roba las miradas en la primera y segunda temporada de la <strong>serie de Netflix<\/strong>.<\/p>\n\n\n\n<p>En conversaci\u00f3n, Amarteifio destac\u00f3 las caracter\u00edsticas de su personaje, incluyendo su fortaleza y decisi\u00f3n, claves para que no baje la cabeza en ning\u00fan momento.<\/p>\n\n\n\n<blockquote class=\"wp-block-quote is-layout-flow wp-block-quote-is-layout-flow\"><p>\u201c<em>Creo que Charlotte tiene una forma cat\u00e1rtica o quiz\u00e1 sea un recordatorio para las mujeres m\u00e1s j\u00f3venes de alzar la voz y utilizarla<\/em>\u201d, reflexion\u00f3 la actriz.<\/p><\/blockquote>\n\n\n\n<p>Desde el primer episodio, la futura reina se muestra como un personaje ambicioso, pero tambi\u00e9n capaz de alza su voz cuando algo le molesta o tiene una duda, una conducta que la actriz invit\u00f3 a los suscriptores a imitar.<\/p>\n\n\n\n<blockquote class=\"wp-block-quote is-layout-flow wp-block-quote-is-layout-flow\"><p>\u201c<em>Hacer todas las preguntas y no sentirse avergonzada, porque hay mucha presi\u00f3n que la sociedad pone sobre las chicas y mujeres, mujeres afroamericanas, y esta lista contin\u00faa en diferentes extremos, niveles, y de arriba abajo<\/em>\u201d, explic\u00f3.<\/p><\/blockquote>\n\n\n\n<p>Para la actriz, cada episodio de la serie debe servir para reflexionar sobre la importancia de nunca quedarse callado.<\/p>\n\n\n\n<blockquote class=\"wp-block-quote is-layout-flow wp-block-quote-is-layout-flow\"><p>\u201c<em>Es un recordatorio para ser quien realmente eres y si no eres feliz en alguna situaci\u00f3n, no te quedes callada<\/em>\u201d, sentenci\u00f3.<\/p><\/blockquote>\n\n\n\n<p><strong>\u201cLa reina Charlotte: Una historia de Bridgerton\u201d est\u00e1 disponible en Netflix desde el 4 de mayo de 2023<\/strong>, por lo tanto, para ver la precuela de \u201c<strong>Bridgerton<\/strong>\u201d solo se necesita una suscripci\u00f3n a la popular plataforma de streaming.<\/p>\n\n\n\n<p>Fuente: <a href=\"https:\/\/mag.elcomercio.pe\/fama\/la-reina-charlotte-una-historia-de-bridgerton-el-poderoso-mensaje-que-la-protagonista-de-queen-charlotte-envio-a-los-fans-de-serie-de-netflix-nndaml-noticia\/\" data-type=\"URL\" data-id=\"https:\/\/mag.elcomercio.pe\/fama\/la-reina-charlotte-una-historia-de-bridgerton-el-poderoso-mensaje-que-la-protagonista-de-queen-charlotte-envio-a-los-fans-de-serie-de-netflix-nndaml-noticia\/\">El Comercio<\/a><\/p>\n","protected":false},"excerpt":{"rendered":"<p>Luego del impresionante \u00e9xito que signific\u00f3 el estreno de \u201cBridgerton\u201d en Netflix, el servicio de streaming le dio luz verde a varios proyectos inspirados la saga de libros escritos por Julia Quinn, incluyendo una temporada adicional y una precuela centrada en uno de los personajes m\u00e1s destacados. Como se recuerda, mientras que la primera temporada [&hellip;]<\/p>\n","protected":false},"author":35,"featured_media":105847,"comment_status":"open","ping_status":"open","sticky":false,"template":"","format":"standard","meta":{"_monsterinsights_skip_tracking":false,"_monsterinsights_sitenote_active":false,"_monsterinsights_sitenote_note":"","_monsterinsights_sitenote_category":0,"footnotes":""},"categories":[576],"tags":[8308,7606,10774,8483,25003],"class_list":["post-105846","post","type-post","status-publish","format-standard","has-post-thumbnail","hentry","category-ocio","tag-envia","tag-mensaje","tag-poderoso","tag-protagonista","tag-queen-charlotte","wp-image-borders"],"amp_enabled":true,"_links":{"self":[{"href":"https:\/\/nvnoticias.mx\/index.php\/wp-json\/wp\/v2\/posts\/105846","targetHints":{"allow":["GET"]}}],"collection":[{"href":"https:\/\/nvnoticias.mx\/index.php\/wp-json\/wp\/v2\/posts"}],"about":[{"href":"https:\/\/nvnoticias.mx\/index.php\/wp-json\/wp\/v2\/types\/post"}],"author":[{"embeddable":true,"href":"https:\/\/nvnoticias.mx\/index.php\/wp-json\/wp\/v2\/users\/35"}],"replies":[{"embeddable":true,"href":"https:\/\/nvnoticias.mx\/index.php\/wp-json\/wp\/v2\/comments?post=105846"}],"version-history":[{"count":1,"href":"https:\/\/nvnoticias.mx\/index.php\/wp-json\/wp\/v2\/posts\/105846\/revisions"}],"predecessor-version":[{"id":105848,"href":"https:\/\/nvnoticias.mx\/index.php\/wp-json\/wp\/v2\/posts\/105846\/revisions\/105848"}],"wp:featuredmedia":[{"embeddable":true,"href":"https:\/\/nvnoticias.mx\/index.php\/wp-json\/wp\/v2\/media\/105847"}],"wp:attachment":[{"href":"https:\/\/nvnoticias.mx\/index.php\/wp-json\/wp\/v2\/media?parent=105846"}],"wp:term":[{"taxonomy":"category","embeddable":true,"href":"https:\/\/nvnoticias.mx\/index.php\/wp-json\/wp\/v2\/categories?post=105846"},{"taxonomy":"post_tag","embeddable":true,"href":"https:\/\/nvnoticias.mx\/index.php\/wp-json\/wp\/v2\/tags?post=105846"}],"curies":[{"name":"wp","href":"https:\/\/api.w.org\/{rel}","templated":true}]}}