{"id":105838,"date":"2023-05-08T12:42:54","date_gmt":"2023-05-08T17:42:54","guid":{"rendered":"https:\/\/nvnoticias.mx\/?p=105838"},"modified":"2023-05-08T12:42:55","modified_gmt":"2023-05-08T17:42:55","slug":"otra-vez-se-cayo-el-elevador-de-la-torre-pediatrica","status":"publish","type":"post","link":"https:\/\/nvnoticias.mx\/index.php\/2023\/05\/08\/otra-vez-se-cayo-el-elevador-de-la-torre-pediatrica\/","title":{"rendered":"Otra vez se cay\u00f3 el elevador De la Torre Pedi\u00e1trica"},"content":{"rendered":"\n<p><br><strong>Jes\u00fas Utrilla | NV Noticias<\/strong><\/p>\n\n\n\n<p>Trabajadores del Hospital Infantil confirmaron que volvi\u00f3 a caer el elevador. Cay\u00f3 del tercer al segundo piso y dentro de se encontraban la doctora Lizzeth Caso, del \u00e1rea de epidemiolog\u00eda, la doctora Erika Fuentes, de hospitalizaci\u00f3n de neurolog\u00eda, Alejandro Guzm\u00e1n, Interno del \u00e1rea de Neurolog\u00eda y Jerenny Rodr\u00edguez Mujica, del \u00e1rea de cocina.<\/p>\n\n\n\n<p>Enrique, quien labora en el nosocomio, acus\u00f3 que persiste la falta de supervisi\u00f3n y seguimiento del \u00e1rea de mantenimiento y adem\u00e1s la falta de supervisi\u00f3n de la administradora Marcela Ya\u00f1ez Tapia.<\/p>\n\n\n\n<p>Testigo de los hechos se\u00f1alaron que el percance se di\u00f3 aproximadamente al medio d\u00eda, causando preocupaci\u00f3n entre colaboradores y familiares de lo ni\u00f1os ah\u00ed hospitalizados.<\/p>\n\n\n\n<p>ores tuvieron que ser atendidos y enviados al Hospital del Issste de emergencia, donde se reportan a la doctora Erika Fuentes con Esguince Grado II y Jerenny Rodr\u00edguez Mujica, del \u00e1rea de cocina, con Esguince Grado III.<\/p>\n\n\n\n<p>Al momento seg\u00fan los informes de los mismo trabajadores del Hospital Infantil de Veracruz, no funciona ning\u00fan elevador ya que ambos trabajan de manera cordinada.<\/p>\n\n\n\n<p>Trabajadores que presenciaron el accidente, hicieron un llamado al Gobernador Cuitlahuac Garc\u00eda Jim\u00e9nez, para revisar estas situaci\u00f3n y deslindar responsabilidad, ya que no se est\u00e1 anteponiendo la seguridad de las personas que ocupan este servicio.<\/p>\n\n\n\n<p>Los trabajadores quienes reportaron esta situaci\u00f3n, acusaron que la administradora no ha realizado su funci\u00f3n correctamente, debido a que despu\u00e9s del primer colapso de este a\u00f1o, donde dos enfermeras resultaron lesionadas, los hechos no se hizo nada.<\/p>\n\n\n\n<p>Es la tercera vez que est\u00e9 mismo elevador cae, y no existe una soluci\u00f3n, mientras se sigue poniendo en riesgo la integridad y la vida de colaboradores, familiares y pacientes en el hospital.<\/p>\n\n\n\n<figure class=\"wp-block-image size-large\"><img loading=\"lazy\" decoding=\"async\" width=\"768\" height=\"1024\" src=\"https:\/\/nvnoticias.mx\/wp-content\/uploads\/2023\/05\/WhatsApp-Image-2023-05-08-at-11.30.38-768x1024.jpeg\" alt=\"\" class=\"wp-image-105839\" srcset=\"https:\/\/nvnoticias.mx\/wp-content\/uploads\/2023\/05\/WhatsApp-Image-2023-05-08-at-11.30.38-768x1024.jpeg 768w, https:\/\/nvnoticias.mx\/wp-content\/uploads\/2023\/05\/WhatsApp-Image-2023-05-08-at-11.30.38-225x300.jpeg 225w, https:\/\/nvnoticias.mx\/wp-content\/uploads\/2023\/05\/WhatsApp-Image-2023-05-08-at-11.30.38-1152x1536.jpeg 1152w, https:\/\/nvnoticias.mx\/wp-content\/uploads\/2023\/05\/WhatsApp-Image-2023-05-08-at-11.30.38.jpeg 1200w\" sizes=\"auto, (max-width: 768px) 100vw, 768px\" \/><\/figure>\n","protected":false},"excerpt":{"rendered":"<p>Jes\u00fas Utrilla | NV Noticias Trabajadores del Hospital Infantil confirmaron que volvi\u00f3 a caer el elevador. Cay\u00f3 del tercer al segundo piso y dentro de se encontraban la doctora Lizzeth Caso, del \u00e1rea de epidemiolog\u00eda, la doctora Erika Fuentes, de hospitalizaci\u00f3n de neurolog\u00eda, Alejandro Guzm\u00e1n, Interno del \u00e1rea de Neurolog\u00eda y Jerenny Rodr\u00edguez Mujica, del [&hellip;]<\/p>\n","protected":false},"author":35,"featured_media":97923,"comment_status":"open","ping_status":"open","sticky":false,"template":"","format":"standard","meta":{"_monsterinsights_skip_tracking":false,"_monsterinsights_sitenote_active":false,"_monsterinsights_sitenote_note":"","_monsterinsights_sitenote_category":0,"footnotes":""},"categories":[154],"tags":[25000,24680,4389,25001],"class_list":["post-105838","post","type-post","status-publish","format-standard","has-post-thumbnail","hentry","category-veracruz","tag-de-la-torre","tag-elevador","tag-hospital-infantil-de-veracruz","tag-pediatrica","wp-image-borders"],"amp_enabled":true,"_links":{"self":[{"href":"https:\/\/nvnoticias.mx\/index.php\/wp-json\/wp\/v2\/posts\/105838","targetHints":{"allow":["GET"]}}],"collection":[{"href":"https:\/\/nvnoticias.mx\/index.php\/wp-json\/wp\/v2\/posts"}],"about":[{"href":"https:\/\/nvnoticias.mx\/index.php\/wp-json\/wp\/v2\/types\/post"}],"author":[{"embeddable":true,"href":"https:\/\/nvnoticias.mx\/index.php\/wp-json\/wp\/v2\/users\/35"}],"replies":[{"embeddable":true,"href":"https:\/\/nvnoticias.mx\/index.php\/wp-json\/wp\/v2\/comments?post=105838"}],"version-history":[{"count":1,"href":"https:\/\/nvnoticias.mx\/index.php\/wp-json\/wp\/v2\/posts\/105838\/revisions"}],"predecessor-version":[{"id":105840,"href":"https:\/\/nvnoticias.mx\/index.php\/wp-json\/wp\/v2\/posts\/105838\/revisions\/105840"}],"wp:featuredmedia":[{"embeddable":true,"href":"https:\/\/nvnoticias.mx\/index.php\/wp-json\/wp\/v2\/media\/97923"}],"wp:attachment":[{"href":"https:\/\/nvnoticias.mx\/index.php\/wp-json\/wp\/v2\/media?parent=105838"}],"wp:term":[{"taxonomy":"category","embeddable":true,"href":"https:\/\/nvnoticias.mx\/index.php\/wp-json\/wp\/v2\/categories?post=105838"},{"taxonomy":"post_tag","embeddable":true,"href":"https:\/\/nvnoticias.mx\/index.php\/wp-json\/wp\/v2\/tags?post=105838"}],"curies":[{"name":"wp","href":"https:\/\/api.w.org\/{rel}","templated":true}]}}