{"id":105742,"date":"2023-05-07T19:50:50","date_gmt":"2023-05-08T00:50:50","guid":{"rendered":"https:\/\/nvnoticias.mx\/?p=105742"},"modified":"2023-05-07T19:50:51","modified_gmt":"2023-05-08T00:50:51","slug":"sin-la-caseta-de-fortin-habra-mas-seguridad-para-el-automovilista","status":"publish","type":"post","link":"https:\/\/nvnoticias.mx\/index.php\/2023\/05\/07\/sin-la-caseta-de-fortin-habra-mas-seguridad-para-el-automovilista\/","title":{"rendered":"Sin la caseta de Fort\u00edn habr\u00e1 m\u00e1s seguridad para el automovilista"},"content":{"rendered":"\n<p><strong>Jes\u00fas Utrilla | NV Noticias<\/strong><\/p>\n\n\n\n<p>El retiro de la caseta de Fort\u00edn reducir\u00e1 la inseguridad porque los maleantes aprovechaban la fila para cometer los atracos, se\u00f1al\u00f3 Luis Exsome Zapata, delegado en Veracruz de la C\u00e1mara Nacional del Autotransporte de Carga (Canacar).<\/p>\n\n\n\n<p>Adem\u00e1s har\u00e1 m\u00e1s fluida la circulaci\u00f3n a pesar que se distribuir\u00e1 la cuota entre la caseta de Cuitl\u00e1huac y Esperanza.<\/p>\n\n\n\n<blockquote class=\"wp-block-quote is-layout-flow wp-block-quote-is-layout-flow\"><p>\u201cLas expectativas es que van a mejorar los tiempos de tr\u00e1nsito para el equipo pesado pero tambi\u00e9n para los veh\u00edculos mejores porque nos vemos afectados y tambi\u00e9n es un lugar donde se generaban accidentes porque a la hora de bajar a C\u00f3rdoba osabas el puente y se hac\u00eda la fila larga generando accidentes\u201d.<\/p><\/blockquote>\n\n\n\n<p>Agreg\u00f3 que mejorar\u00e1 la seguridad y que era una zona peligrosa para los transportistas pero ahora pasar\u00e1n libremente por ah\u00ed.<\/p>\n\n\n\n<blockquote class=\"wp-block-quote is-layout-flow wp-block-quote-is-layout-flow\"><p>\u201cCreemos que hab\u00eda alguna relaci\u00f3n con la inseguridad porque tanto tiempo de espera daba a los malos el ponerle el dedo a los equipos pero al ser m\u00e1s fluido puede mejorar el tema\u201d.<\/p><\/blockquote>\n\n\n\n<p>Record\u00f3 que en varios foros se solicit\u00f3 el retiro de la caseta y recientemente se retir\u00f3 la pluma.<\/p>\n\n\n\n<p>Cabe mencionar que a partir del viernes 5 de mayo, se suspendi\u00f3 el cobro de peaje en la caseta Fort\u00edn, ubicada en la autopista Cd. Mendoza-C\u00f3rdoba, inform\u00f3 Caminos y Puentes Federales (Capufe).<\/p>\n","protected":false},"excerpt":{"rendered":"<p>Jes\u00fas Utrilla | NV Noticias El retiro de la caseta de Fort\u00edn reducir\u00e1 la inseguridad porque los maleantes aprovechaban la fila para cometer los atracos, se\u00f1al\u00f3 Luis Exsome Zapata, delegado en Veracruz de la C\u00e1mara Nacional del Autotransporte de Carga (Canacar). Adem\u00e1s har\u00e1 m\u00e1s fluida la circulaci\u00f3n a pesar que se distribuir\u00e1 la cuota entre [&hellip;]<\/p>\n","protected":false},"author":7,"featured_media":101044,"comment_status":"open","ping_status":"open","sticky":false,"template":"","format":"standard","meta":{"_monsterinsights_skip_tracking":false,"_monsterinsights_sitenote_active":false,"_monsterinsights_sitenote_note":"","_monsterinsights_sitenote_category":0,"footnotes":""},"categories":[154],"tags":[24967,22841,19810,805],"class_list":["post-105742","post","type-post","status-publish","format-standard","has-post-thumbnail","hentry","category-veracruz","tag-automovilista","tag-caseta-fortin","tag-fortin","tag-seguridad","wp-image-borders"],"amp_enabled":true,"_links":{"self":[{"href":"https:\/\/nvnoticias.mx\/index.php\/wp-json\/wp\/v2\/posts\/105742","targetHints":{"allow":["GET"]}}],"collection":[{"href":"https:\/\/nvnoticias.mx\/index.php\/wp-json\/wp\/v2\/posts"}],"about":[{"href":"https:\/\/nvnoticias.mx\/index.php\/wp-json\/wp\/v2\/types\/post"}],"author":[{"embeddable":true,"href":"https:\/\/nvnoticias.mx\/index.php\/wp-json\/wp\/v2\/users\/7"}],"replies":[{"embeddable":true,"href":"https:\/\/nvnoticias.mx\/index.php\/wp-json\/wp\/v2\/comments?post=105742"}],"version-history":[{"count":1,"href":"https:\/\/nvnoticias.mx\/index.php\/wp-json\/wp\/v2\/posts\/105742\/revisions"}],"predecessor-version":[{"id":105744,"href":"https:\/\/nvnoticias.mx\/index.php\/wp-json\/wp\/v2\/posts\/105742\/revisions\/105744"}],"wp:featuredmedia":[{"embeddable":true,"href":"https:\/\/nvnoticias.mx\/index.php\/wp-json\/wp\/v2\/media\/101044"}],"wp:attachment":[{"href":"https:\/\/nvnoticias.mx\/index.php\/wp-json\/wp\/v2\/media?parent=105742"}],"wp:term":[{"taxonomy":"category","embeddable":true,"href":"https:\/\/nvnoticias.mx\/index.php\/wp-json\/wp\/v2\/categories?post=105742"},{"taxonomy":"post_tag","embeddable":true,"href":"https:\/\/nvnoticias.mx\/index.php\/wp-json\/wp\/v2\/tags?post=105742"}],"curies":[{"name":"wp","href":"https:\/\/api.w.org\/{rel}","templated":true}]}}