{"id":105693,"date":"2023-05-06T19:47:26","date_gmt":"2023-05-07T00:47:26","guid":{"rendered":"https:\/\/nvnoticias.mx\/?p=105693"},"modified":"2023-05-06T19:47:27","modified_gmt":"2023-05-07T00:47:27","slug":"balacera-en-la-riviera-veracruzana-deja-un-muerto","status":"publish","type":"post","link":"https:\/\/nvnoticias.mx\/index.php\/2023\/05\/06\/balacera-en-la-riviera-veracruzana-deja-un-muerto\/","title":{"rendered":"Balacera en la Riviera Veracruzana deja un muerto"},"content":{"rendered":"\n<p>Una balacera registrada este s\u00e1bado en la zona de la Riviera Veracruzana, perteneciente al municipio de Alvarado, dej\u00f3 como saldo una persona sin vida, as\u00ed lo inform\u00f3 la Secretar\u00eda de Seguridad P\u00fablica del estado.<\/p>\n\n\n\n<p>A trav\u00e9s de su cuenta de Twitter, la dependencia estatal indic\u00f3 que los hechos ocurrieron durante un operativo de vigilancia por parte de autoridades locales, cuando se solicit\u00f3 el apoyo de las fuerzas del orden, debido a que personas armadas presuntamente delincuentes, intentaron enfrentar a efectivos de seguridad.<\/p>\n\n\n\n<blockquote class=\"wp-block-quote is-layout-flow wp-block-quote-is-layout-flow\"><p>&#8220;<em>En operativo de vigilancia por parte de autoridades locales se solicit\u00f3 el apoyo de fuerzas del orden, debido a que personas armadas presuntamente delincuentes, intentaron enfrentar a efectivos de seguridad en la zona de la Riviera Veracruzana, en Alvarado&#8221;,<\/em> indicaron.<\/p><\/blockquote>\n\n\n\n<p>En otro tuit, la Secretar\u00eda de Seguridad P\u00fablica estatal confirm\u00f3 que una persona muri\u00f3 en estos hechos; adem\u00e1s, se\u00f1ala, la situaci\u00f3n fue controlada gracias a la coordinaci\u00f3n de fuerzas federales y estatales.<\/p>\n\n\n\n<blockquote class=\"wp-block-quote is-layout-flow wp-block-quote-is-layout-flow\"><p>&#8220;<em>Resultando una persona fallecida. Sin tener mayores riesgos para la poblaci\u00f3n y logrando controlar la situaci\u00f3n gracias a la coordinaci\u00f3n de fuerzas federales y estatales. Seguimos otorgando seguridad a la ciudadan\u00eda.&#8221;<\/em><\/p><\/blockquote>\n\n\n\n<p>Al sitio arribaron elementos de la Polic\u00eda Municipal de Alvarado, Fuerza Civil y Polic\u00eda Estatal.<\/p>\n","protected":false},"excerpt":{"rendered":"<p>Una balacera registrada este s\u00e1bado en la zona de la Riviera Veracruzana, perteneciente al municipio de Alvarado, dej\u00f3 como saldo una persona sin vida, as\u00ed lo inform\u00f3 la Secretar\u00eda de Seguridad P\u00fablica del estado. A trav\u00e9s de su cuenta de Twitter, la dependencia estatal indic\u00f3 que los hechos ocurrieron durante un operativo de vigilancia por [&hellip;]<\/p>\n","protected":false},"author":8,"featured_media":105694,"comment_status":"open","ping_status":"open","sticky":false,"template":"","format":"standard","meta":{"_monsterinsights_skip_tracking":false,"_monsterinsights_sitenote_active":false,"_monsterinsights_sitenote_note":"","_monsterinsights_sitenote_category":0,"footnotes":""},"categories":[154],"tags":[6574,162,18021],"class_list":["post-105693","post","type-post","status-publish","format-standard","has-post-thumbnail","hentry","category-veracruz","tag-balacera","tag-portada","tag-riviera-veracruzana","wp-image-borders"],"amp_enabled":true,"_links":{"self":[{"href":"https:\/\/nvnoticias.mx\/index.php\/wp-json\/wp\/v2\/posts\/105693","targetHints":{"allow":["GET"]}}],"collection":[{"href":"https:\/\/nvnoticias.mx\/index.php\/wp-json\/wp\/v2\/posts"}],"about":[{"href":"https:\/\/nvnoticias.mx\/index.php\/wp-json\/wp\/v2\/types\/post"}],"author":[{"embeddable":true,"href":"https:\/\/nvnoticias.mx\/index.php\/wp-json\/wp\/v2\/users\/8"}],"replies":[{"embeddable":true,"href":"https:\/\/nvnoticias.mx\/index.php\/wp-json\/wp\/v2\/comments?post=105693"}],"version-history":[{"count":1,"href":"https:\/\/nvnoticias.mx\/index.php\/wp-json\/wp\/v2\/posts\/105693\/revisions"}],"predecessor-version":[{"id":105695,"href":"https:\/\/nvnoticias.mx\/index.php\/wp-json\/wp\/v2\/posts\/105693\/revisions\/105695"}],"wp:featuredmedia":[{"embeddable":true,"href":"https:\/\/nvnoticias.mx\/index.php\/wp-json\/wp\/v2\/media\/105694"}],"wp:attachment":[{"href":"https:\/\/nvnoticias.mx\/index.php\/wp-json\/wp\/v2\/media?parent=105693"}],"wp:term":[{"taxonomy":"category","embeddable":true,"href":"https:\/\/nvnoticias.mx\/index.php\/wp-json\/wp\/v2\/categories?post=105693"},{"taxonomy":"post_tag","embeddable":true,"href":"https:\/\/nvnoticias.mx\/index.php\/wp-json\/wp\/v2\/tags?post=105693"}],"curies":[{"name":"wp","href":"https:\/\/api.w.org\/{rel}","templated":true}]}}