{"id":105685,"date":"2023-05-06T15:05:20","date_gmt":"2023-05-06T20:05:20","guid":{"rendered":"https:\/\/nvnoticias.mx\/?p=105685"},"modified":"2023-05-06T15:05:22","modified_gmt":"2023-05-06T20:05:22","slug":"preven-hasta-16-ciclones-y-tormentas-tropicales","status":"publish","type":"post","link":"https:\/\/nvnoticias.mx\/index.php\/2023\/05\/06\/preven-hasta-16-ciclones-y-tormentas-tropicales\/","title":{"rendered":"Prev\u00e9n hasta 16 ciclones y tormentas tropicales"},"content":{"rendered":"\n<p><strong>Sam Ojeda \/ NV Noticias <\/strong><\/p>\n\n\n\n<p>Xalapa.- Este a\u00f1o el Servicio Meteorol\u00f3gico Nacional (SMN) prev\u00e9 hasta 16 ciclones y tormentas tropicales en el litoral del Atl\u00e1ntico, Golfo de M\u00e9xico y Mar Caribe.<\/p>\n\n\n\n<p>La directora del Servicio Meteorol\u00f3gico Nacional, Alejandra M\u00e9ndez Gir\u00f3n, dijo que estos fen\u00f3menos podr\u00edan presentarse entre el 1 de junio y el 30 de noviembre.<\/p>\n\n\n\n<blockquote class=\"wp-block-quote is-layout-flow wp-block-quote-is-layout-flow\"><p>\u201c<em>Se espera una temporada entre normal y hasta un 10 por ciento por debajo del promedio que corresponde a 14 sistemas<\/em>\u201d.<\/p><\/blockquote>\n\n\n\n<p>Y en el Pac\u00edfico se espera una temporada m\u00e1s activa, pues al menos cinco impactar\u00edan a las costas mexicanas.<\/p>\n\n\n\n<blockquote class=\"wp-block-quote is-layout-flow wp-block-quote-is-layout-flow\"><p>\u201c<em>Se pronostica que del total de ciclones tropicales generados, tanto en el Atl\u00e1ntico como en el Pac\u00edfico, al menos cinco impacten al pa\u00eds\u201d<\/em>.<\/p><\/blockquote>\n\n\n\n<p>En el Atl\u00e1ntico, se esperan entre 10 a 16 sistemas, y de siete a nueve corresponden a tormentas tropicales, de uno a tres huracanes categor\u00eda 1, 2 y de dos a cuatro huracanes categor\u00eda 3, 4 y 5.<\/p>\n\n\n\n<p>Para el Pac\u00edfico, se prev\u00e9n de 16 a 22 sistemas: 9 a 11 tormentas, cuatro a 6 huracanes categor\u00eda 1 y 2 y de tres a cinco huracanes categor\u00eda 3, 4 y 5.   <\/p>\n","protected":false},"excerpt":{"rendered":"<p>Sam Ojeda \/ NV Noticias Xalapa.- Este a\u00f1o el Servicio Meteorol\u00f3gico Nacional (SMN) prev\u00e9 hasta 16 ciclones y tormentas tropicales en el litoral del Atl\u00e1ntico, Golfo de M\u00e9xico y Mar Caribe. La directora del Servicio Meteorol\u00f3gico Nacional, Alejandra M\u00e9ndez Gir\u00f3n, dijo que estos fen\u00f3menos podr\u00edan presentarse entre el 1 de junio y el 30 de [&hellip;]<\/p>\n","protected":false},"author":8,"featured_media":79438,"comment_status":"open","ping_status":"open","sticky":false,"template":"","format":"standard","meta":{"_monsterinsights_skip_tracking":false,"_monsterinsights_sitenote_active":false,"_monsterinsights_sitenote_note":"","_monsterinsights_sitenote_category":0,"footnotes":""},"categories":[156],"tags":[5417,13347],"class_list":["post-105685","post","type-post","status-publish","format-standard","has-post-thumbnail","hentry","category-estado","tag-ciclones","tag-tormentas-tropicales","wp-image-borders"],"amp_enabled":true,"_links":{"self":[{"href":"https:\/\/nvnoticias.mx\/index.php\/wp-json\/wp\/v2\/posts\/105685","targetHints":{"allow":["GET"]}}],"collection":[{"href":"https:\/\/nvnoticias.mx\/index.php\/wp-json\/wp\/v2\/posts"}],"about":[{"href":"https:\/\/nvnoticias.mx\/index.php\/wp-json\/wp\/v2\/types\/post"}],"author":[{"embeddable":true,"href":"https:\/\/nvnoticias.mx\/index.php\/wp-json\/wp\/v2\/users\/8"}],"replies":[{"embeddable":true,"href":"https:\/\/nvnoticias.mx\/index.php\/wp-json\/wp\/v2\/comments?post=105685"}],"version-history":[{"count":1,"href":"https:\/\/nvnoticias.mx\/index.php\/wp-json\/wp\/v2\/posts\/105685\/revisions"}],"predecessor-version":[{"id":105686,"href":"https:\/\/nvnoticias.mx\/index.php\/wp-json\/wp\/v2\/posts\/105685\/revisions\/105686"}],"wp:featuredmedia":[{"embeddable":true,"href":"https:\/\/nvnoticias.mx\/index.php\/wp-json\/wp\/v2\/media\/79438"}],"wp:attachment":[{"href":"https:\/\/nvnoticias.mx\/index.php\/wp-json\/wp\/v2\/media?parent=105685"}],"wp:term":[{"taxonomy":"category","embeddable":true,"href":"https:\/\/nvnoticias.mx\/index.php\/wp-json\/wp\/v2\/categories?post=105685"},{"taxonomy":"post_tag","embeddable":true,"href":"https:\/\/nvnoticias.mx\/index.php\/wp-json\/wp\/v2\/tags?post=105685"}],"curies":[{"name":"wp","href":"https:\/\/api.w.org\/{rel}","templated":true}]}}