{"id":105672,"date":"2023-05-06T09:57:24","date_gmt":"2023-05-06T14:57:24","guid":{"rendered":"https:\/\/nvnoticias.mx\/?p=105672"},"modified":"2023-05-06T09:57:25","modified_gmt":"2023-05-06T14:57:25","slug":"productores-de-maiz-se-quejan-por-malos-precios","status":"publish","type":"post","link":"https:\/\/nvnoticias.mx\/index.php\/2023\/05\/06\/productores-de-maiz-se-quejan-por-malos-precios\/","title":{"rendered":"Productores de ma\u00edz se quejan por malos precios"},"content":{"rendered":"\n<p><strong>Jes\u00fas Utrilla \/ NV Noticias <\/strong><\/p>\n\n\n\n<p>El precio de la tonelada de ma\u00edz cay\u00f3 en m\u00e1s de 10 por ciento y a pesar de la introducci\u00f3n de ma\u00edz barato el precio de la tortilla se mantendr\u00e1 igual, se\u00f1al\u00f3 el presidente de la Uni\u00f3n Agr\u00edcola de Productores del Estado de Veracruz Jos\u00e9 \u00c1ngel Contreras Carrera.<\/p>\n\n\n\n<p>La tonelada ten\u00eda un costo de poco m\u00e1s de 7 mil 600 pesos, sin embargo, baj\u00f3 a 6 mil 800 pesos.<\/p>\n\n\n\n<p>A pesar de que Veracruz cuenta con una importante franja ma\u00edcera en las zonas de la Cuenca baja del Papaloapan y en Coatzacoalcos con producci\u00f3n de calidad, los precios son malos para los productores, dej\u00e1ndolos en algunos casos sin utilidades.<\/p>\n\n\n\n<blockquote class=\"wp-block-quote is-layout-flow wp-block-quote-is-layout-flow\"><p>&#8220;<em>Por tonelada estamos aproximadamente perdiendo ya en este momento 900 pesos por tonelada y en esa zona se estima que pueda ver alrededor de unas 300, 400 mil toneladas&#8221;.<\/em><\/p><\/blockquote>\n\n\n\n<p>Consider\u00f3 que la medida de retirar el arancel a los pa\u00edses con los que no no hay tratado comercial como Sud\u00e1frica permiti\u00f3 el ingreso de ma\u00edz blanco, afectando al productor mexicano.<\/p>\n\n\n\n<p>Reconoci\u00f3 que el precio de la tonelada de ma\u00edz no es algo que puedan controlar los productores, sin embargo, hay situaciones que contribuyen al desplome de su costo, entre ellas, la desmedida importaci\u00f3n de ma\u00edz blanco en M\u00e9xico para consumo humano.<\/p>\n\n\n\n<blockquote class=\"wp-block-quote is-layout-flow wp-block-quote-is-layout-flow\"><p>&#8220;<em>Pero se firm\u00f3 un decreto en donde excent\u00f3 del pago de aranceles a pa\u00edses con quienes no ten\u00edamos un tratado comercial, y hay un pa\u00eds que no tenemos tratado comercial que produce ma\u00edz blanco y lo importa y entonces lleg\u00f3 de Sud\u00e1frica la informaci\u00f3n que tenemos alrededor de 400 mil toneladas de ma\u00edz blanco importado y yo creo que eso nos ha jugado muy en contra a los productores&#8221;.<\/em><\/p><\/blockquote>\n","protected":false},"excerpt":{"rendered":"<p>Jes\u00fas Utrilla \/ NV Noticias El precio de la tonelada de ma\u00edz cay\u00f3 en m\u00e1s de 10 por ciento y a pesar de la introducci\u00f3n de ma\u00edz barato el precio de la tortilla se mantendr\u00e1 igual, se\u00f1al\u00f3 el presidente de la Uni\u00f3n Agr\u00edcola de Productores del Estado de Veracruz Jos\u00e9 \u00c1ngel Contreras Carrera. La tonelada [&hellip;]<\/p>\n","protected":false},"author":8,"featured_media":8849,"comment_status":"open","ping_status":"open","sticky":false,"template":"","format":"standard","meta":{"_monsterinsights_skip_tracking":false,"_monsterinsights_sitenote_active":false,"_monsterinsights_sitenote_note":"","_monsterinsights_sitenote_category":0,"footnotes":""},"categories":[154],"tags":[315,1801,2516],"class_list":["post-105672","post","type-post","status-publish","format-standard","has-post-thumbnail","hentry","category-veracruz","tag-maiz","tag-precios","tag-productores","wp-image-borders"],"amp_enabled":true,"_links":{"self":[{"href":"https:\/\/nvnoticias.mx\/index.php\/wp-json\/wp\/v2\/posts\/105672","targetHints":{"allow":["GET"]}}],"collection":[{"href":"https:\/\/nvnoticias.mx\/index.php\/wp-json\/wp\/v2\/posts"}],"about":[{"href":"https:\/\/nvnoticias.mx\/index.php\/wp-json\/wp\/v2\/types\/post"}],"author":[{"embeddable":true,"href":"https:\/\/nvnoticias.mx\/index.php\/wp-json\/wp\/v2\/users\/8"}],"replies":[{"embeddable":true,"href":"https:\/\/nvnoticias.mx\/index.php\/wp-json\/wp\/v2\/comments?post=105672"}],"version-history":[{"count":1,"href":"https:\/\/nvnoticias.mx\/index.php\/wp-json\/wp\/v2\/posts\/105672\/revisions"}],"predecessor-version":[{"id":105673,"href":"https:\/\/nvnoticias.mx\/index.php\/wp-json\/wp\/v2\/posts\/105672\/revisions\/105673"}],"wp:featuredmedia":[{"embeddable":true,"href":"https:\/\/nvnoticias.mx\/index.php\/wp-json\/wp\/v2\/media\/8849"}],"wp:attachment":[{"href":"https:\/\/nvnoticias.mx\/index.php\/wp-json\/wp\/v2\/media?parent=105672"}],"wp:term":[{"taxonomy":"category","embeddable":true,"href":"https:\/\/nvnoticias.mx\/index.php\/wp-json\/wp\/v2\/categories?post=105672"},{"taxonomy":"post_tag","embeddable":true,"href":"https:\/\/nvnoticias.mx\/index.php\/wp-json\/wp\/v2\/tags?post=105672"}],"curies":[{"name":"wp","href":"https:\/\/api.w.org\/{rel}","templated":true}]}}