{"id":105625,"date":"2023-05-05T13:52:33","date_gmt":"2023-05-05T18:52:33","guid":{"rendered":"https:\/\/nvnoticias.mx\/?p=105625"},"modified":"2023-05-05T13:52:34","modified_gmt":"2023-05-05T18:52:34","slug":"mexico-no-preve-aumento-de-migrantes-por-fin-del-titulo-42-amlo","status":"publish","type":"post","link":"https:\/\/nvnoticias.mx\/index.php\/2023\/05\/05\/mexico-no-preve-aumento-de-migrantes-por-fin-del-titulo-42-amlo\/","title":{"rendered":"M\u00e9xico no prev\u00e9 aumento de migrantes por fin del T\u00edtulo 42: AMLO"},"content":{"rendered":"\n<p>El presidente Andr\u00e9s Manuel L\u00f3pez Obrador consider\u00f3 que el fin del T\u00edtulo 42 <strong>no prev\u00e9 un aumento en el flujo migratorio<\/strong> porque se est\u00e1n abriendo alternativas para la migraci\u00f3n por v\u00edas legales.<\/p>\n\n\n\n<p>En La Ma\u00f1anera que encabez\u00f3 en Puebla, el mandatario advirti\u00f3 que desde que se anunci\u00f3 el t\u00e9rmino de este decreto, &#8216;coyotes&#8217; disfrazados de defensores de migrantes empezaron a <strong>ofrecer cruces a Estados Unidos,<\/strong> sin embargo, asegur\u00f3 que informando que habr\u00e1 visas de trabajo y de reunificaci\u00f3n familiar, <strong>las personas no se van a dejar enga\u00f1ar.<\/strong><\/p>\n\n\n\n<blockquote class=\"wp-block-quote is-layout-flow wp-block-quote-is-layout-flow\"><p>&#8220;Con la informaci\u00f3n que se est\u00e1 dando, nosotros pensamos que no va a aumentar el flujo migratorio porque se est\u00e1 abriendo una opci\u00f3n, una alternativa, a penas anunci\u00f3 el presidente Biden de que se finalizaba o se iba a finalizar lo de la emergencia sanitaria y empezaron &#8216;coyotes&#8217; que tambi\u00e9n se disfrazan de defensores de migrantes, empezaron a hablar de que se organizaran caravanas&#8221;, dijo.<\/p><\/blockquote>\n\n\n\n<p>En tanto, asegur\u00f3 que el compromiso del gobierno mexicano es <strong>dar un trato humanitario a los<\/strong>\u00a0migrantes.<\/p>\n\n\n\n<p>Y dej\u00f3 en claro que no se est\u00e1 preparando un operativo especial en la frontera norte ante la<strong> conclusi\u00f3n del T\u00edtulo 42.<\/strong><\/p>\n\n\n\n<blockquote class=\"wp-block-quote is-layout-flow wp-block-quote-is-layout-flow\"><p>&#8220;Estamos pendientes nada m\u00e1s, pero tenemos el mismo plan que se ha aplicado en otras ocasiones al ver que es servicio m\u00e9dico, cuidar lo del transporte, decirle tambi\u00e9n a la gente, a los transportistas, que hay quienes sacan raja tambi\u00e9n rentando tr\u00e1ileres&#8221;, agreg\u00f3.<\/p><\/blockquote>\n\n\n\n<p>En su intervenci\u00f3n, el canciller Marcelo Ebrard inform\u00f3 que entre 2022 y 2023, <strong>se van a entregar 885 mil permisos y visas<\/strong> para migrantes &#8220;eso nunca hab\u00eda pasado&#8221;.<\/p>\n\n\n\n<p>Detall\u00f3 que en 2022 se alcanz\u00f3 una cifra r\u00e9cord de 360 mil 656 visas, tambi\u00e9n se ampliaron a 64 mil 716 visas para Honduras, Guatemala y El Salvador.<strong> Se autorizaron 360 mil permisos humanitarios para Cuba, Hait\u00ed, Nicaragua y Venezuela. <\/strong>Adem\u00e1s, se dieron otros 100 mil permisos de reunificaci\u00f3n familiar para personas de Honduras, Guatemala y El Salvador.<\/p>\n\n\n\n<p>Adem\u00e1s se abren centros regionales de procesamiento en Guatemala y Colombia.<\/p>\n\n\n\n<blockquote class=\"wp-block-quote is-layout-flow wp-block-quote-is-layout-flow\"><p>&#8220;Es importante esta informaci\u00f3n para que no les enga\u00f1en. Primer lugar, no es cierto. Porque ya nos hicieron saber as\u00ed los americanos ahora que hicieron su conferencia de prensa que van a dejar de repatriar a personas que ingresen de manera indocumentada, eso no es cierto tienen otras disposiciones legales&#8221;, remarc\u00f3 Ebrard.<\/p><\/blockquote>\n\n\n\n<p>Fuente:<a href=\"https:\/\/www.milenio.com\/politica\/amlo-mexico-no-preve-aumento-migrantes-titulo-42\" data-type=\"URL\" data-id=\"https:\/\/www.milenio.com\/politica\/amlo-mexico-no-preve-aumento-migrantes-titulo-42\"> Milenio<\/a><\/p>\n","protected":false},"excerpt":{"rendered":"<p>El presidente Andr\u00e9s Manuel L\u00f3pez Obrador consider\u00f3 que el fin del T\u00edtulo 42 no prev\u00e9 un aumento en el flujo migratorio porque se est\u00e1n abriendo alternativas para la migraci\u00f3n por v\u00edas legales. En La Ma\u00f1anera que encabez\u00f3 en Puebla, el mandatario advirti\u00f3 que desde que se anunci\u00f3 el t\u00e9rmino de este decreto, &#8216;coyotes&#8217; disfrazados de [&hellip;]<\/p>\n","protected":false},"author":35,"featured_media":97886,"comment_status":"open","ping_status":"open","sticky":false,"template":"","format":"standard","meta":{"_monsterinsights_skip_tracking":false,"_monsterinsights_sitenote_active":false,"_monsterinsights_sitenote_note":"","_monsterinsights_sitenote_category":0,"footnotes":""},"categories":[157],"tags":[188,3109,292,452,24957,13993],"class_list":["post-105625","post","type-post","status-publish","format-standard","has-post-thumbnail","hentry","category-nacional","tag-amlo","tag-aumento","tag-mexico","tag-migrantes","tag-no-preve","tag-titulo-42","wp-image-borders"],"amp_enabled":true,"_links":{"self":[{"href":"https:\/\/nvnoticias.mx\/index.php\/wp-json\/wp\/v2\/posts\/105625","targetHints":{"allow":["GET"]}}],"collection":[{"href":"https:\/\/nvnoticias.mx\/index.php\/wp-json\/wp\/v2\/posts"}],"about":[{"href":"https:\/\/nvnoticias.mx\/index.php\/wp-json\/wp\/v2\/types\/post"}],"author":[{"embeddable":true,"href":"https:\/\/nvnoticias.mx\/index.php\/wp-json\/wp\/v2\/users\/35"}],"replies":[{"embeddable":true,"href":"https:\/\/nvnoticias.mx\/index.php\/wp-json\/wp\/v2\/comments?post=105625"}],"version-history":[{"count":1,"href":"https:\/\/nvnoticias.mx\/index.php\/wp-json\/wp\/v2\/posts\/105625\/revisions"}],"predecessor-version":[{"id":105631,"href":"https:\/\/nvnoticias.mx\/index.php\/wp-json\/wp\/v2\/posts\/105625\/revisions\/105631"}],"wp:featuredmedia":[{"embeddable":true,"href":"https:\/\/nvnoticias.mx\/index.php\/wp-json\/wp\/v2\/media\/97886"}],"wp:attachment":[{"href":"https:\/\/nvnoticias.mx\/index.php\/wp-json\/wp\/v2\/media?parent=105625"}],"wp:term":[{"taxonomy":"category","embeddable":true,"href":"https:\/\/nvnoticias.mx\/index.php\/wp-json\/wp\/v2\/categories?post=105625"},{"taxonomy":"post_tag","embeddable":true,"href":"https:\/\/nvnoticias.mx\/index.php\/wp-json\/wp\/v2\/tags?post=105625"}],"curies":[{"name":"wp","href":"https:\/\/api.w.org\/{rel}","templated":true}]}}