{"id":105549,"date":"2023-05-04T21:46:18","date_gmt":"2023-05-05T02:46:18","guid":{"rendered":"https:\/\/nvnoticias.mx\/?p=105549"},"modified":"2023-05-04T21:47:09","modified_gmt":"2023-05-05T02:47:09","slug":"realizara-ayuntamiento-proyecto-de-urbanizacion-integral-en-el-dique","status":"publish","type":"post","link":"https:\/\/nvnoticias.mx\/index.php\/2023\/05\/04\/realizara-ayuntamiento-proyecto-de-urbanizacion-integral-en-el-dique\/","title":{"rendered":"Realizar\u00e1 Ayuntamiento proyecto de urbanizaci\u00f3n integral en El Dique"},"content":{"rendered":"\n<p>Con el prop\u00f3sito de mejorar la calidad de vida de la poblaci\u00f3n y atender las necesidades de la ciudadan\u00eda directamente en sus colonias, el presidente municipal Ricardo Ahued Bardahuil realiz\u00f3 un recorrido por la colonia Felipe Carrillo Puerto. <\/p>\n\n\n\n<p>Acompa\u00f1ado por regidoras y regidores, el Edil instruy\u00f3 a que personal de la Direcci\u00f3n de Desarrollo Urbano elabore un proyecto de urbanizaci\u00f3n integral que incluya la construcci\u00f3n de escalinatas y el dise\u00f1o de un andador que ir\u00eda de la calle Prolongaci\u00f3n Reforma a Primo Tapia, el cual ser\u00e1 funcional y con banquetas m\u00e1s amplias para facilitar el desplazamiento de personas en sillas de ruedas.<\/p>\n\n\n\n<p>Adem\u00e1s, trabajadores de la Direcci\u00f3n de Alumbrado P\u00fablico instalar\u00e1n l\u00e1mparas con tecnolog\u00eda LED en distintos puntos de la zona, con el fin de mejorar la iluminaci\u00f3n y contribuir a la seguridad de la ciudadan\u00eda.<\/p>\n\n\n\n<p>Por su parte, personal de la Comisi\u00f3n Municipal de Agua Potable y Saneamiento (CMAS) realizar\u00e1 la actualizaci\u00f3n de un proyecto de agua potable y alcantarillado sanitario hasta la calle Primo Tapia, a solicitud de las y los vecinos.<\/p>\n\n\n\n<p>Tras el recorrido, se llevaron a cabo actividades del Programa Mi Calle Limpia, entre las que destacaron el barrido de calles, frentes de casas y el chapeo en las inmediaciones del Andador Prolongaci\u00f3n Reforma. <\/p>\n\n\n\n<p>Participaron en estas acciones personal de las direcciones de Medio Ambiente, Alumbrado P\u00fablico, Juventud, Desarrollo Social, Limpia P\u00fablica, Seguridad Ciudadana y Tr\u00e1nsito Municipal, Participaci\u00f3n Ciudadana y el Sistema Municipal de Protecci\u00f3n Integral de Ni\u00f1as, Ni\u00f1os y Adolescentes (Sipinna).<\/p>\n\n\n\n<p>Asistieron las regidoras y regidores Helen Sarmiento Ja\u00e9n, Antonio Ballesteros Grayeb, Martha Valentina Dom\u00ednguez V\u00e1squez, Guadalupe M\u00e1rquez Leonardo y Daniel Fern\u00e1ndez Carri\u00f3n, as\u00ed como el director de Participaci\u00f3n Ciudadana, Juan Mar\u00edn Viveros.<\/p>\n\n\n\n<figure class=\"wp-block-gallery columns-3 is-cropped wp-block-gallery-1 is-layout-flex wp-block-gallery-is-layout-flex\"><ul class=\"blocks-gallery-grid\"><li class=\"blocks-gallery-item\"><figure><img loading=\"lazy\" decoding=\"async\" width=\"1024\" height=\"728\" src=\"https:\/\/nvnoticias.mx\/wp-content\/uploads\/2023\/05\/IMG-20230504-WA0172-1024x728.jpg\" alt=\"\" data-id=\"105551\" data-full-url=\"https:\/\/nvnoticias.mx\/wp-content\/uploads\/2023\/05\/IMG-20230504-WA0172.jpg\" data-link=\"https:\/\/nvnoticias.mx\/?attachment_id=105551\" class=\"wp-image-105551\" srcset=\"https:\/\/nvnoticias.mx\/wp-content\/uploads\/2023\/05\/IMG-20230504-WA0172-1024x728.jpg 1024w, https:\/\/nvnoticias.mx\/wp-content\/uploads\/2023\/05\/IMG-20230504-WA0172-300x213.jpg 300w, https:\/\/nvnoticias.mx\/wp-content\/uploads\/2023\/05\/IMG-20230504-WA0172-768x546.jpg 768w, https:\/\/nvnoticias.mx\/wp-content\/uploads\/2023\/05\/IMG-20230504-WA0172-1536x1092.jpg 1536w, https:\/\/nvnoticias.mx\/wp-content\/uploads\/2023\/05\/IMG-20230504-WA0172.jpg 1600w\" sizes=\"auto, (max-width: 1024px) 100vw, 1024px\" \/><\/figure><\/li><li class=\"blocks-gallery-item\"><figure><img loading=\"lazy\" decoding=\"async\" width=\"1024\" height=\"705\" src=\"https:\/\/nvnoticias.mx\/wp-content\/uploads\/2023\/05\/IMG-20230504-WA0171-1024x705.jpg\" alt=\"\" data-id=\"105552\" data-full-url=\"https:\/\/nvnoticias.mx\/wp-content\/uploads\/2023\/05\/IMG-20230504-WA0171.jpg\" data-link=\"https:\/\/nvnoticias.mx\/?attachment_id=105552\" class=\"wp-image-105552\" srcset=\"https:\/\/nvnoticias.mx\/wp-content\/uploads\/2023\/05\/IMG-20230504-WA0171-1024x705.jpg 1024w, https:\/\/nvnoticias.mx\/wp-content\/uploads\/2023\/05\/IMG-20230504-WA0171-300x207.jpg 300w, https:\/\/nvnoticias.mx\/wp-content\/uploads\/2023\/05\/IMG-20230504-WA0171-768x529.jpg 768w, https:\/\/nvnoticias.mx\/wp-content\/uploads\/2023\/05\/IMG-20230504-WA0171-1536x1058.jpg 1536w, https:\/\/nvnoticias.mx\/wp-content\/uploads\/2023\/05\/IMG-20230504-WA0171.jpg 1600w\" sizes=\"auto, (max-width: 1024px) 100vw, 1024px\" \/><\/figure><\/li><li class=\"blocks-gallery-item\"><figure><img loading=\"lazy\" decoding=\"async\" width=\"1024\" height=\"682\" src=\"https:\/\/nvnoticias.mx\/wp-content\/uploads\/2023\/05\/IMG-20230504-WA0169-1024x682.jpg\" alt=\"\" data-id=\"105553\" data-full-url=\"https:\/\/nvnoticias.mx\/wp-content\/uploads\/2023\/05\/IMG-20230504-WA0169.jpg\" data-link=\"https:\/\/nvnoticias.mx\/?attachment_id=105553\" class=\"wp-image-105553\" srcset=\"https:\/\/nvnoticias.mx\/wp-content\/uploads\/2023\/05\/IMG-20230504-WA0169-1024x682.jpg 1024w, https:\/\/nvnoticias.mx\/wp-content\/uploads\/2023\/05\/IMG-20230504-WA0169-300x200.jpg 300w, https:\/\/nvnoticias.mx\/wp-content\/uploads\/2023\/05\/IMG-20230504-WA0169-768x512.jpg 768w, https:\/\/nvnoticias.mx\/wp-content\/uploads\/2023\/05\/IMG-20230504-WA0169-1536x1023.jpg 1536w, https:\/\/nvnoticias.mx\/wp-content\/uploads\/2023\/05\/IMG-20230504-WA0169.jpg 1600w\" sizes=\"auto, (max-width: 1024px) 100vw, 1024px\" \/><\/figure><\/li><li class=\"blocks-gallery-item\"><figure><img loading=\"lazy\" decoding=\"async\" width=\"1024\" height=\"756\" src=\"https:\/\/nvnoticias.mx\/wp-content\/uploads\/2023\/05\/IMG-20230504-WA0170-1024x756.jpg\" alt=\"\" data-id=\"105554\" data-full-url=\"https:\/\/nvnoticias.mx\/wp-content\/uploads\/2023\/05\/IMG-20230504-WA0170.jpg\" data-link=\"https:\/\/nvnoticias.mx\/?attachment_id=105554\" class=\"wp-image-105554\" srcset=\"https:\/\/nvnoticias.mx\/wp-content\/uploads\/2023\/05\/IMG-20230504-WA0170-1024x756.jpg 1024w, https:\/\/nvnoticias.mx\/wp-content\/uploads\/2023\/05\/IMG-20230504-WA0170-300x221.jpg 300w, https:\/\/nvnoticias.mx\/wp-content\/uploads\/2023\/05\/IMG-20230504-WA0170-768x567.jpg 768w, https:\/\/nvnoticias.mx\/wp-content\/uploads\/2023\/05\/IMG-20230504-WA0170-1536x1134.jpg 1536w, https:\/\/nvnoticias.mx\/wp-content\/uploads\/2023\/05\/IMG-20230504-WA0170.jpg 1600w\" sizes=\"auto, (max-width: 1024px) 100vw, 1024px\" \/><\/figure><\/li><\/ul><\/figure>\n","protected":false},"excerpt":{"rendered":"<p>Con el prop\u00f3sito de mejorar la calidad de vida de la poblaci\u00f3n y atender las necesidades de la ciudadan\u00eda directamente en sus colonias, el presidente municipal Ricardo Ahued Bardahuil realiz\u00f3 un recorrido por la colonia Felipe Carrillo Puerto. Acompa\u00f1ado por regidoras y regidores, el Edil instruy\u00f3 a que personal de la Direcci\u00f3n de Desarrollo Urbano [&hellip;]<\/p>\n","protected":false},"author":8,"featured_media":105550,"comment_status":"open","ping_status":"open","sticky":false,"template":"","format":"standard","meta":{"_monsterinsights_skip_tracking":false,"_monsterinsights_sitenote_active":false,"_monsterinsights_sitenote_note":"","_monsterinsights_sitenote_category":0,"footnotes":""},"categories":[156],"tags":[10426],"class_list":["post-105549","post","type-post","status-publish","format-standard","has-post-thumbnail","hentry","category-estado","tag-ayuntamiento-de-xalapa","wp-image-borders"],"amp_enabled":true,"_links":{"self":[{"href":"https:\/\/nvnoticias.mx\/index.php\/wp-json\/wp\/v2\/posts\/105549","targetHints":{"allow":["GET"]}}],"collection":[{"href":"https:\/\/nvnoticias.mx\/index.php\/wp-json\/wp\/v2\/posts"}],"about":[{"href":"https:\/\/nvnoticias.mx\/index.php\/wp-json\/wp\/v2\/types\/post"}],"author":[{"embeddable":true,"href":"https:\/\/nvnoticias.mx\/index.php\/wp-json\/wp\/v2\/users\/8"}],"replies":[{"embeddable":true,"href":"https:\/\/nvnoticias.mx\/index.php\/wp-json\/wp\/v2\/comments?post=105549"}],"version-history":[{"count":2,"href":"https:\/\/nvnoticias.mx\/index.php\/wp-json\/wp\/v2\/posts\/105549\/revisions"}],"predecessor-version":[{"id":105557,"href":"https:\/\/nvnoticias.mx\/index.php\/wp-json\/wp\/v2\/posts\/105549\/revisions\/105557"}],"wp:featuredmedia":[{"embeddable":true,"href":"https:\/\/nvnoticias.mx\/index.php\/wp-json\/wp\/v2\/media\/105550"}],"wp:attachment":[{"href":"https:\/\/nvnoticias.mx\/index.php\/wp-json\/wp\/v2\/media?parent=105549"}],"wp:term":[{"taxonomy":"category","embeddable":true,"href":"https:\/\/nvnoticias.mx\/index.php\/wp-json\/wp\/v2\/categories?post=105549"},{"taxonomy":"post_tag","embeddable":true,"href":"https:\/\/nvnoticias.mx\/index.php\/wp-json\/wp\/v2\/tags?post=105549"}],"curies":[{"name":"wp","href":"https:\/\/api.w.org\/{rel}","templated":true}]}}