{"id":105538,"date":"2023-05-04T16:53:48","date_gmt":"2023-05-04T21:53:48","guid":{"rendered":"https:\/\/nvnoticias.mx\/?p=105538"},"modified":"2023-05-04T16:53:49","modified_gmt":"2023-05-04T21:53:49","slug":"marcelo-ebrad-se-hace-una-limpia-en-catemaco-y-se-viraliza-en-tiktok","status":"publish","type":"post","link":"https:\/\/nvnoticias.mx\/index.php\/2023\/05\/04\/marcelo-ebrad-se-hace-una-limpia-en-catemaco-y-se-viraliza-en-tiktok\/","title":{"rendered":"Marcelo Ebrad se hace una limpia en Catemaco y se viraliza en TikTok"},"content":{"rendered":"\n<p>El canciller <strong>Marcelo Ebrard<\/strong> fue tendencia en <strong>redes sociales<\/strong>, luego de que se difundiera un video donde le est\u00e1n haciendo un trabajo de <strong>limpia <\/strong>en <strong>Catemaco<\/strong>.<\/p>\n\n\n\n<p>Por medio de <strong>TikTok<\/strong>, el usuario @brujoenriquembelahijado difundi\u00f3 el video donde se aprecia al secretario de Relaciones Exteriores siendo parte del acto ceremonial.<\/p>\n\n\n\n<p>El brujo mayor de Catemaco, Enrique Marthen, fue quien le hizo el ritual energ\u00e9tico a Ebrard para &#8220;quitarle las malas energ\u00edas&#8221;.<\/p>\n\n\n\n<p>En la grabaci\u00f3n, el brujo pasa por todo su cuerpo un ramo de plantas con el fin de atraer la \u201cbuenas vibras\u201d.<\/p>\n\n\n\n<blockquote class=\"tiktok-embed\" cite=\"https:\/\/www.tiktok.com\/@brujoenriquembelahijado\/video\/7228039971159018757\" data-video-id=\"7228039971159018757\" style=\"max-width: 605px;min-width: 325px;\" > <section> <a target=\"_blank\" title=\"@brujoenriquembelahijado\" href=\"https:\/\/www.tiktok.com\/@brujoenriquembelahijado?refer=embed\" rel=\"noopener\">@brujoenriquembelahijado<\/a> <a title=\"gobierno\" target=\"_blank\" href=\"https:\/\/www.tiktok.com\/tag\/gobierno?refer=embed\" rel=\"noopener\">#gobierno<\/a> <a title=\"presidente\" target=\"_blank\" href=\"https:\/\/www.tiktok.com\/tag\/presidente?refer=embed\" rel=\"noopener\">#presidente<\/a> <a title=\"magia\" target=\"_blank\" href=\"https:\/\/www.tiktok.com\/tag\/magia?refer=embed\" rel=\"noopener\">#magia<\/a> <a title=\"encanto\" target=\"_blank\" href=\"https:\/\/www.tiktok.com\/tag\/encanto?refer=embed\" rel=\"noopener\">#encanto<\/a> <a target=\"_blank\" title=\"\u266c sonido original - Brujo Enrique Marthen\" href=\"https:\/\/www.tiktok.com\/music\/sonido-original-7228039957510736645?refer=embed\" rel=\"noopener\">\u266c sonido original &#8211; Brujo Enrique Marthen<\/a> <\/section> <\/blockquote> <script async src=\"https:\/\/www.tiktok.com\/embed.js\"><\/script>\n\n\n\n<p>Hasta el momento, el <strong>video <\/strong>cuenta con 27 mil reproducciones, casi mil \u201clikes\u201d y diversos comentarios por parte de usuarios de la red social:<\/p>\n\n\n\n<blockquote class=\"wp-block-quote is-layout-flow wp-block-quote-is-layout-flow\"><p>\u201cSer\u00e1 el pr\u00f3ximo presidente de M\u00e9xico, ya est\u00e1 destinado\u201d, \u201cYo no quisiera que fuera el presidente, pero si quiero que le vaya muy bien\u201d, \u201cPobre Ebrard, si supiera que lo acaban de estafar, jajajaja\u201d, \u201cCon todo respeto, creo que una obra buena abre caminos y obras malas genera obst\u00e1culos con eso digo todo\u201d, son algunas reacciones de internautas.<\/p><\/blockquote>\n\n\n\n<p>La limpia es un <strong>procedimiento<\/strong> <strong>f\u00edsico-simb\u00f3lico <\/strong>de reequilibrio utilizado en las etnomedicina mesoamericanas y amerindias. Procede de \u00e9pocas antiguas y relaciona a la persona con ella misma y su medio.<\/p>\n\n\n\n<p>A trav\u00e9s de la limpia se pretende rearmonizar a la persona con su entorno, eliminando y expulsando de ella los elementos (f\u00edsicos, sociales y espirituales) causantes de su mal o influyentes en el mismo.<\/p>\n\n\n\n<p>Fuente: <a href=\"https:\/\/www.eluniversal.com.mx\/tendencias\/para-ganar-la-presidencia-marcelo-ebrad-se-hace-una-limpia-en-catemaco-y-se-viraliza-en-tiktok\/\" data-type=\"URL\" data-id=\"https:\/\/www.eluniversal.com.mx\/tendencias\/para-ganar-la-presidencia-marcelo-ebrad-se-hace-una-limpia-en-catemaco-y-se-viraliza-en-tiktok\/\">El Universal<\/a><\/p>\n","protected":false},"excerpt":{"rendered":"<p>El canciller Marcelo Ebrard fue tendencia en redes sociales, luego de que se difundiera un video donde le est\u00e1n haciendo un trabajo de limpia en Catemaco. Por medio de TikTok, el usuario @brujoenriquembelahijado difundi\u00f3 el video donde se aprecia al secretario de Relaciones Exteriores siendo parte del acto ceremonial. El brujo mayor de Catemaco, Enrique [&hellip;]<\/p>\n","protected":false},"author":35,"featured_media":86520,"comment_status":"open","ping_status":"open","sticky":false,"template":"","format":"standard","meta":{"_monsterinsights_skip_tracking":false,"_monsterinsights_sitenote_active":false,"_monsterinsights_sitenote_note":"","_monsterinsights_sitenote_category":0,"footnotes":""},"categories":[576],"tags":[1915,10936,391,1543,15145],"class_list":["post-105538","post","type-post","status-publish","format-standard","has-post-thumbnail","hentry","category-ocio","tag-catemaco","tag-limpia","tag-marcelo-ebrard","tag-tiktok","tag-viraliza","wp-image-borders"],"amp_enabled":true,"_links":{"self":[{"href":"https:\/\/nvnoticias.mx\/index.php\/wp-json\/wp\/v2\/posts\/105538","targetHints":{"allow":["GET"]}}],"collection":[{"href":"https:\/\/nvnoticias.mx\/index.php\/wp-json\/wp\/v2\/posts"}],"about":[{"href":"https:\/\/nvnoticias.mx\/index.php\/wp-json\/wp\/v2\/types\/post"}],"author":[{"embeddable":true,"href":"https:\/\/nvnoticias.mx\/index.php\/wp-json\/wp\/v2\/users\/35"}],"replies":[{"embeddable":true,"href":"https:\/\/nvnoticias.mx\/index.php\/wp-json\/wp\/v2\/comments?post=105538"}],"version-history":[{"count":1,"href":"https:\/\/nvnoticias.mx\/index.php\/wp-json\/wp\/v2\/posts\/105538\/revisions"}],"predecessor-version":[{"id":105539,"href":"https:\/\/nvnoticias.mx\/index.php\/wp-json\/wp\/v2\/posts\/105538\/revisions\/105539"}],"wp:featuredmedia":[{"embeddable":true,"href":"https:\/\/nvnoticias.mx\/index.php\/wp-json\/wp\/v2\/media\/86520"}],"wp:attachment":[{"href":"https:\/\/nvnoticias.mx\/index.php\/wp-json\/wp\/v2\/media?parent=105538"}],"wp:term":[{"taxonomy":"category","embeddable":true,"href":"https:\/\/nvnoticias.mx\/index.php\/wp-json\/wp\/v2\/categories?post=105538"},{"taxonomy":"post_tag","embeddable":true,"href":"https:\/\/nvnoticias.mx\/index.php\/wp-json\/wp\/v2\/tags?post=105538"}],"curies":[{"name":"wp","href":"https:\/\/api.w.org\/{rel}","templated":true}]}}