{"id":105527,"date":"2023-05-04T16:18:57","date_gmt":"2023-05-04T21:18:57","guid":{"rendered":"https:\/\/nvnoticias.mx\/?p=105527"},"modified":"2023-05-04T16:18:58","modified_gmt":"2023-05-04T21:18:58","slug":"no-espera-eu-despliegue-adicional-de-tropas-mexicanas-en-la-frontera-ante-el-fin-del-titulo-42","status":"publish","type":"post","link":"https:\/\/nvnoticias.mx\/index.php\/2023\/05\/04\/no-espera-eu-despliegue-adicional-de-tropas-mexicanas-en-la-frontera-ante-el-fin-del-titulo-42\/","title":{"rendered":"No espera EU despliegue adicional de tropas mexicanas en la frontera ante el fin del T\u00edtulo 42"},"content":{"rendered":"\n<p>La Casa Blanca apunt\u00f3 este jueves que no espera reciprocidad por parte de M\u00e9xico en el refuerzo de la frontera com\u00fan cuando falta una semana para el fin de la normativa migratoria <a href=\"https:\/\/www.eluniversal.com.mx\/tag\/titulo-42\/\" target=\"_blank\" rel=\"noreferrer noopener\"><strong>T\u00edtulo 42<\/strong><\/a>, que supondr\u00e1 el despliegue de <strong>mil 500 militares<\/strong> estadounidenses para apoyar en tareas migratorias.<\/p>\n\n\n\n<blockquote class=\"wp-block-quote is-layout-flow wp-block-quote-is-layout-flow\"><p>&#8220;No esperamos que este despliegue de fuerza adicional precise de alg\u00fan tipo de acci\u00f3n rec\u00edproca por parte de M\u00e9xico&#8221;, apunt\u00f3 en una conferencia de prensa <strong>John Kirby<\/strong>, uno de los portavoces de la Casa Blanca.<\/p><\/blockquote>\n\n\n\n<p>Entre ambos pa\u00edses, a\u00f1adi\u00f3, hay &#8220;un buen di\u00e1logo&#8221;, tanto &#8220;para abordar el narcotr\u00e1fico como la inmigraci\u00f3n ilegal&#8221;, y Estados Unidos est\u00e1 &#8220;agradecido por la disposici\u00f3n del gobierno mexicano de continuar recibiendo y alojando a los inmigrantes que est\u00e1n intentando ilegalmente entrar en Estados Unidos&#8221;.<\/p>\n\n\n\n<p>El pr\u00f3ximo 11 de mayo se pondr\u00e1 fin al T\u00edtulo 42, una medida que adopt\u00f3 el entonces presidente republicano <a rel=\"noreferrer noopener\" href=\"https:\/\/www.eluniversal.com.mx\/tag\/donald-trump\/\" target=\"_blank\"><strong>Donald Trump<\/strong><\/a> (2017-2021) y despu\u00e9s continu\u00f3 el mandatario dem\u00f3crata <strong>Joe Biden<\/strong> para expulsar a migrantes con el argumento de la<strong> pandemia de Covid-19<\/strong>.<\/p>\n\n\n\n<p>Para prepararse ante los posibles problemas que genere el fin de esta normativa, por el posible aumento del flujo migratorio, se desplegar\u00e1n en la frontera <strong>mil 500 militares estadounidenses <\/strong>para apoyar a los agentes de la Patrulla Fronteriza.<\/p>\n\n\n\n<p>Fuente: <a href=\"https:\/\/www.eluniversal.com.mx\/mundo\/eu-no-espera-despliegue-adicional-de-tropas-mexicanas-en-la-frontera-ante-el-fin-del-titulo-42\/\" data-type=\"URL\" data-id=\"https:\/\/www.eluniversal.com.mx\/mundo\/eu-no-espera-despliegue-adicional-de-tropas-mexicanas-en-la-frontera-ante-el-fin-del-titulo-42\/\">El Universal<\/a><\/p>\n","protected":false},"excerpt":{"rendered":"<p>La Casa Blanca apunt\u00f3 este jueves que no espera reciprocidad por parte de M\u00e9xico en el refuerzo de la frontera com\u00fan cuando falta una semana para el fin de la normativa migratoria T\u00edtulo 42, que supondr\u00e1 el despliegue de mil 500 militares estadounidenses para apoyar en tareas migratorias. &#8220;No esperamos que este despliegue de fuerza [&hellip;]<\/p>\n","protected":false},"author":35,"featured_media":105230,"comment_status":"open","ping_status":"open","sticky":false,"template":"","format":"standard","meta":{"_monsterinsights_skip_tracking":false,"_monsterinsights_sitenote_active":false,"_monsterinsights_sitenote_note":"","_monsterinsights_sitenote_category":0,"footnotes":""},"categories":[181],"tags":[13618,15748,183,1270,4530,22102,13993,2788],"class_list":["post-105527","post","type-post","status-publish","format-standard","has-post-thumbnail","hentry","category-internacional","tag-adicional","tag-despliegue","tag-estados-unidos","tag-frontera","tag-mexicanas","tag-no-espera","tag-titulo-42","tag-tropas","wp-image-borders"],"amp_enabled":true,"_links":{"self":[{"href":"https:\/\/nvnoticias.mx\/index.php\/wp-json\/wp\/v2\/posts\/105527","targetHints":{"allow":["GET"]}}],"collection":[{"href":"https:\/\/nvnoticias.mx\/index.php\/wp-json\/wp\/v2\/posts"}],"about":[{"href":"https:\/\/nvnoticias.mx\/index.php\/wp-json\/wp\/v2\/types\/post"}],"author":[{"embeddable":true,"href":"https:\/\/nvnoticias.mx\/index.php\/wp-json\/wp\/v2\/users\/35"}],"replies":[{"embeddable":true,"href":"https:\/\/nvnoticias.mx\/index.php\/wp-json\/wp\/v2\/comments?post=105527"}],"version-history":[{"count":1,"href":"https:\/\/nvnoticias.mx\/index.php\/wp-json\/wp\/v2\/posts\/105527\/revisions"}],"predecessor-version":[{"id":105528,"href":"https:\/\/nvnoticias.mx\/index.php\/wp-json\/wp\/v2\/posts\/105527\/revisions\/105528"}],"wp:featuredmedia":[{"embeddable":true,"href":"https:\/\/nvnoticias.mx\/index.php\/wp-json\/wp\/v2\/media\/105230"}],"wp:attachment":[{"href":"https:\/\/nvnoticias.mx\/index.php\/wp-json\/wp\/v2\/media?parent=105527"}],"wp:term":[{"taxonomy":"category","embeddable":true,"href":"https:\/\/nvnoticias.mx\/index.php\/wp-json\/wp\/v2\/categories?post=105527"},{"taxonomy":"post_tag","embeddable":true,"href":"https:\/\/nvnoticias.mx\/index.php\/wp-json\/wp\/v2\/tags?post=105527"}],"curies":[{"name":"wp","href":"https:\/\/api.w.org\/{rel}","templated":true}]}}