{"id":105401,"date":"2023-05-03T18:49:05","date_gmt":"2023-05-03T23:49:05","guid":{"rendered":"https:\/\/nvnoticias.mx\/?p=105401"},"modified":"2023-05-03T18:49:07","modified_gmt":"2023-05-03T23:49:07","slug":"mauricio-sulaiman-rompe-el-cinturon-para-el-ganador-del-canelo-vs-john-ryder","status":"publish","type":"post","link":"https:\/\/nvnoticias.mx\/index.php\/2023\/05\/03\/mauricio-sulaiman-rompe-el-cinturon-para-el-ganador-del-canelo-vs-john-ryder\/","title":{"rendered":"Mauricio Sulaim\u00e1n \u2018rompe\u2019 el cintur\u00f3n para el ganador del Canelo vs John Ryder"},"content":{"rendered":"\n<p>En la conferencia de prensa previo a la pelea Canelo vs. John Ryder, Mauricio Sulaim\u00e1n, presidente del Consejo Mundial de Boxeo (CMB) dio la nota curiosa tras tomar el cintur\u00f3n artesanal que estar\u00e1 en juego y del que tir\u00f3 una de las piezas de talavera que lo conforman.<\/p>\n\n\n\n<p>Sulaim\u00e1n se dirig\u00eda a tomar la palara en el escenario principal de la conferencia de prensa cuando una de las piezas del cintur\u00f3n cay\u00f3 cerca de donde se encontraba sentado Sa\u00fal \u00c1lvarez, quien esboz\u00f3 una sonrisa y levant\u00f3 la pieza de talavera para entregarla al presidente del CMB.<\/p>\n\n\n\n<blockquote class=\"wp-block-quote is-layout-flow wp-block-quote-is-layout-flow\"><p>\u201c<em>M\u00e9xico es un pa\u00eds muy hospitalario y ahora vas a pelear por los cuatro campeonatos y quiero que sepas que todos los referees ser\u00e1n neutrales, la afici\u00f3n te tratar\u00e1 con todo su respeto, los \u00e1rbitros ser\u00e1n justos y dar\u00e1n la victoria a quien lo merezca, es la garant\u00eda que te doy\u201d<\/em>, dijo Mauricio Sulaim\u00e1n en palabras dirigidas a John Ryder.<\/p><\/blockquote>\n\n\n\n<p>Tras las palabras por parte de Sulaim\u00e1n, coloc\u00f3 la pieza donde hac\u00eda falta y levant\u00f3 el cintur\u00f3n para presumirlo ante los medios de comunicaci\u00f3n presentes, pero la pieza de talavera volvi\u00f3 a desprenderse y esta vez el directivo no logr\u00f3 contener la risa.<\/p>\n\n\n\n<blockquote class=\"wp-block-quote is-layout-flow wp-block-quote-is-layout-flow\"><p>\u201c<em>Todos los a\u00f1os se ha caracterizado el 5 de mayo y 16 de septiembre como las fechas m\u00e1s importantes para las peleas m\u00e1s importantes, a partir de 2017 el CMB inici\u00f3 una campa\u00f1a para darle un regalo al mundo, M\u00e9xico y el boxeo le regala una pieza \u00fanica basada en la cultura mexicana, en la basta cultura<\/em>.<\/p><\/blockquote>\n\n\n\n<blockquote class=\"wp-block-quote is-layout-flow wp-block-quote-is-layout-flow\"><p>\u201c<em>En su momento fueron los huicholes, los mayas, chiapanecos, el a\u00f1o pasado la oaxaque\u00f1a. Este a\u00f1o se celebra la Batalla de Puebla el 5 de mayo y los 200 a\u00f1os de este estado libre y soberano que es Jalisco. Es por ello que decidimos hacer un cintur\u00f3n h\u00edbrido que me da mucho gusto presentarlo (en ese momento cae la pieza) tiene lo vivos de Jalisco, de Puebla y\u2026 \u00a1ya se cay\u00f3 una segunda\u2026 ah\u00ed se la encargo joven!<\/em>\u201d, dijo un sonriente Mauricio Sulaim\u00e1n.<\/p><\/blockquote>\n\n\n\n<p>Fuente: <a href=\"https:\/\/www.tudn.com\/boxeo\/canelo-vs-john-ryder-mauricio-suliman-rompe-cinturon-campeon-guadalajara\">TUDN<\/a><\/p>\n","protected":false},"excerpt":{"rendered":"<p>En la conferencia de prensa previo a la pelea Canelo vs. John Ryder, Mauricio Sulaim\u00e1n, presidente del Consejo Mundial de Boxeo (CMB) dio la nota curiosa tras tomar el cintur\u00f3n artesanal que estar\u00e1 en juego y del que tir\u00f3 una de las piezas de talavera que lo conforman. Sulaim\u00e1n se dirig\u00eda a tomar la palara [&hellip;]<\/p>\n","protected":false},"author":8,"featured_media":105402,"comment_status":"open","ping_status":"open","sticky":false,"template":"","format":"standard","meta":{"_monsterinsights_skip_tracking":false,"_monsterinsights_sitenote_active":false,"_monsterinsights_sitenote_note":"","_monsterinsights_sitenote_category":0,"footnotes":""},"categories":[159],"tags":[256,459,19069],"class_list":["post-105401","post","type-post","status-publish","format-standard","has-post-thumbnail","hentry","category-deportes","tag-box","tag-canelo-alvarez","tag-cinturon","wp-image-borders"],"amp_enabled":true,"_links":{"self":[{"href":"https:\/\/nvnoticias.mx\/index.php\/wp-json\/wp\/v2\/posts\/105401","targetHints":{"allow":["GET"]}}],"collection":[{"href":"https:\/\/nvnoticias.mx\/index.php\/wp-json\/wp\/v2\/posts"}],"about":[{"href":"https:\/\/nvnoticias.mx\/index.php\/wp-json\/wp\/v2\/types\/post"}],"author":[{"embeddable":true,"href":"https:\/\/nvnoticias.mx\/index.php\/wp-json\/wp\/v2\/users\/8"}],"replies":[{"embeddable":true,"href":"https:\/\/nvnoticias.mx\/index.php\/wp-json\/wp\/v2\/comments?post=105401"}],"version-history":[{"count":1,"href":"https:\/\/nvnoticias.mx\/index.php\/wp-json\/wp\/v2\/posts\/105401\/revisions"}],"predecessor-version":[{"id":105403,"href":"https:\/\/nvnoticias.mx\/index.php\/wp-json\/wp\/v2\/posts\/105401\/revisions\/105403"}],"wp:featuredmedia":[{"embeddable":true,"href":"https:\/\/nvnoticias.mx\/index.php\/wp-json\/wp\/v2\/media\/105402"}],"wp:attachment":[{"href":"https:\/\/nvnoticias.mx\/index.php\/wp-json\/wp\/v2\/media?parent=105401"}],"wp:term":[{"taxonomy":"category","embeddable":true,"href":"https:\/\/nvnoticias.mx\/index.php\/wp-json\/wp\/v2\/categories?post=105401"},{"taxonomy":"post_tag","embeddable":true,"href":"https:\/\/nvnoticias.mx\/index.php\/wp-json\/wp\/v2\/tags?post=105401"}],"curies":[{"name":"wp","href":"https:\/\/api.w.org\/{rel}","templated":true}]}}