{"id":105381,"date":"2023-04-22T10:01:00","date_gmt":"2023-04-22T15:01:00","guid":{"rendered":"https:\/\/nvnoticias.mx\/?p=105381"},"modified":"2023-05-03T18:06:55","modified_gmt":"2023-05-03T23:06:55","slug":"atiende-pc-reporte-de-incidentes-por-turbonada","status":"publish","type":"post","link":"https:\/\/nvnoticias.mx\/index.php\/2023\/04\/22\/atiende-pc-reporte-de-incidentes-por-turbonada\/","title":{"rendered":"Atiende PC reporte de incidentes por turbonada"},"content":{"rendered":"\n<p> *Tambi\u00e9n participan direcciones de Medio Ambiente y Alumbrado P\u00fablico<\/p>\n\n\n\n<p>Xalapa, Ver.- Debido a las r\u00e1fagas de viento, lluvia intensa y granizo provocadas por una turbonada generada en las zonas bajas del Cofre de Perote, la Direcci\u00f3n de Protecci\u00f3n Civil atendi\u00f3 la ca\u00edda de seis \u00e1rboles y un poste durante esta madrugada, inform\u00f3 el titular de la dependencia, Luis Sardi\u00f1a Salgado.<\/p>\n\n\n\n<p>De acuerdo con el funcionario, este fen\u00f3meno se genera por el choque de masas de viento caliente y fr\u00edo, condiciones propias de los meses de abril y mayo, por lo que es importante mantenerse en alerta ante estas situaciones. Desde muy temprano se inici\u00f3 el retiro de un poste y de \u00e1rboles ca\u00eddos, dos de ellos sobre viviendas en las colonias Margarita Maza de Ju\u00e1rez y Lomas de Casa Blanca.<\/p>\n\n\n\n<p>Adem\u00e1s, dio a conocer que de acuerdo con el pron\u00f3stico emitido por la Secretar\u00eda de Protecci\u00f3n Civil de Veracruz, se espera en los siguientes d\u00edas una vaguada establecida en el oeste y suroeste del Golfo de M\u00e9xico, conectada con el Frente Fr\u00edo 50, que se ubica sobre el norte de este y que se espera se mueva m\u00e1s hacia el sur el domingo 23.<\/p>\n\n\n\n<p>Su masa fr\u00eda se fortalecer\u00eda en el centro de Estados Unidos y se prev\u00e9 se mueva sobre Texas, el noreste de M\u00e9xico y el noroeste del Golfo, asociado a un frente fr\u00edo el lunes 24, trayendo consigo un evento de Norte para este d\u00eda y una surada para el domingo con lluvias de 5 a 15 mil\u00edmetros y puntuales m\u00e1ximas de 20 a 50 mil\u00edmetros, adem\u00e1s de tormentas el\u00e9ctricas.<\/p>\n\n\n\n<figure class=\"wp-block-gallery columns-0 is-cropped wp-block-gallery-1 is-layout-flex wp-block-gallery-is-layout-flex\"><ul class=\"blocks-gallery-grid\"><\/ul><\/figure>\n","protected":false},"excerpt":{"rendered":"<p>*Tambi\u00e9n participan direcciones de Medio Ambiente y Alumbrado P\u00fablico Xalapa, Ver.- Debido a las r\u00e1fagas de viento, lluvia intensa y granizo provocadas por una turbonada generada en las zonas bajas del Cofre de Perote, la Direcci\u00f3n de Protecci\u00f3n Civil atendi\u00f3 la ca\u00edda de seis \u00e1rboles y un poste durante esta madrugada, inform\u00f3 el titular de [&hellip;]<\/p>\n","protected":false},"author":8,"featured_media":105383,"comment_status":"open","ping_status":"open","sticky":false,"template":"","format":"standard","meta":{"_monsterinsights_skip_tracking":false,"_monsterinsights_sitenote_active":false,"_monsterinsights_sitenote_note":"","_monsterinsights_sitenote_category":0,"footnotes":""},"categories":[156],"tags":[11615,312],"class_list":["post-105381","post","type-post","status-publish","format-standard","has-post-thumbnail","hentry","category-estado","tag-pc-municipal","tag-xalapa","wp-image-borders"],"amp_enabled":true,"_links":{"self":[{"href":"https:\/\/nvnoticias.mx\/index.php\/wp-json\/wp\/v2\/posts\/105381","targetHints":{"allow":["GET"]}}],"collection":[{"href":"https:\/\/nvnoticias.mx\/index.php\/wp-json\/wp\/v2\/posts"}],"about":[{"href":"https:\/\/nvnoticias.mx\/index.php\/wp-json\/wp\/v2\/types\/post"}],"author":[{"embeddable":true,"href":"https:\/\/nvnoticias.mx\/index.php\/wp-json\/wp\/v2\/users\/8"}],"replies":[{"embeddable":true,"href":"https:\/\/nvnoticias.mx\/index.php\/wp-json\/wp\/v2\/comments?post=105381"}],"version-history":[{"count":1,"href":"https:\/\/nvnoticias.mx\/index.php\/wp-json\/wp\/v2\/posts\/105381\/revisions"}],"predecessor-version":[{"id":105384,"href":"https:\/\/nvnoticias.mx\/index.php\/wp-json\/wp\/v2\/posts\/105381\/revisions\/105384"}],"wp:featuredmedia":[{"embeddable":true,"href":"https:\/\/nvnoticias.mx\/index.php\/wp-json\/wp\/v2\/media\/105383"}],"wp:attachment":[{"href":"https:\/\/nvnoticias.mx\/index.php\/wp-json\/wp\/v2\/media?parent=105381"}],"wp:term":[{"taxonomy":"category","embeddable":true,"href":"https:\/\/nvnoticias.mx\/index.php\/wp-json\/wp\/v2\/categories?post=105381"},{"taxonomy":"post_tag","embeddable":true,"href":"https:\/\/nvnoticias.mx\/index.php\/wp-json\/wp\/v2\/tags?post=105381"}],"curies":[{"name":"wp","href":"https:\/\/api.w.org\/{rel}","templated":true}]}}