{"id":105332,"date":"2023-05-03T13:42:08","date_gmt":"2023-05-03T18:42:08","guid":{"rendered":"https:\/\/nvnoticias.mx\/?p=105332"},"modified":"2023-05-03T13:42:09","modified_gmt":"2023-05-03T18:42:09","slug":"responde-sociedad-a-convocatoria-para-la-carrera-8m","status":"publish","type":"post","link":"https:\/\/nvnoticias.mx\/index.php\/2023\/05\/03\/responde-sociedad-a-convocatoria-para-la-carrera-8m\/","title":{"rendered":"Responde sociedad a convocatoria para la Carrera 8M"},"content":{"rendered":"\n<p>Xalapa, Ver.- Con el prop\u00f3sito de visibilizar los derechos de las mujeres y apoyar a la colectiva \u201cMujeres sobrevivientes de feminicidio\u201d con la publicaci\u00f3n de un libro, este 6 de mayo, el Instituto Municipal de las Mujeres de Xalapa (IMMX) realizar\u00e1 en el Paseo de Los Lagos la Carrera 8M, de 5K y 8K, as\u00ed como una caminata familiar de 2.5 kil\u00f3metros.<\/p>\n\n\n\n<p>La directora del organismo, Zaira Fabiola del Toro Olivares, agradeci\u00f3 a la sociedad el respaldo para este evento, ya que se logr\u00f3 el cupo de participantes, quienes se inscribieron para apoyar esta causa y recibir kits de competici\u00f3n.<\/p>\n\n\n\n<p>Estos incluyen chip para cron\u00f3metro de tiempo, acceso a zonas de hidrataci\u00f3n y de recuperaci\u00f3n; una medalla de colecci\u00f3n y premios en especie; adem\u00e1s, las y los participantes podr\u00e1n obtener los premios en efectivo que se otorgar\u00e1n a las tres primeras personas en completar la ruta 8K en las siguientes categor\u00edas: Libre, de 18 a 39 a\u00f1os; M\u00e1ster, de 40 a 49; Veteranas y veteranos, de 50 a 59 a\u00f1os, y Veteranas o veteranos plus, de 60 o m\u00e1s a\u00f1os.<\/p>\n\n\n\n<p>La funcionaria reiter\u00f3 que quienes deseen apoyar a los competidores y competidoras o disfrutar del evento, pueden asistir al Paseo de Los Lagos, a partir de las 8:00 horas de este s\u00e1bado 6 de mayo.<\/p>\n\n\n\n<p><\/p>\n","protected":false},"excerpt":{"rendered":"<p>Xalapa, Ver.- Con el prop\u00f3sito de visibilizar los derechos de las mujeres y apoyar a la colectiva \u201cMujeres sobrevivientes de feminicidio\u201d con la publicaci\u00f3n de un libro, este 6 de mayo, el Instituto Municipal de las Mujeres de Xalapa (IMMX) realizar\u00e1 en el Paseo de Los Lagos la Carrera 8M, de 5K y 8K, as\u00ed [&hellip;]<\/p>\n","protected":false},"author":35,"featured_media":105333,"comment_status":"open","ping_status":"open","sticky":false,"template":"","format":"standard","meta":{"_monsterinsights_skip_tracking":false,"_monsterinsights_sitenote_active":false,"_monsterinsights_sitenote_note":"","_monsterinsights_sitenote_category":0,"footnotes":""},"categories":[156],"tags":[2054,5102,286,9477,4043],"class_list":["post-105332","post","type-post","status-publish","format-standard","has-post-thumbnail","hentry","category-estado","tag-8m","tag-carrera","tag-convocatoria","tag-responde","tag-sociedad","wp-image-borders"],"amp_enabled":true,"_links":{"self":[{"href":"https:\/\/nvnoticias.mx\/index.php\/wp-json\/wp\/v2\/posts\/105332","targetHints":{"allow":["GET"]}}],"collection":[{"href":"https:\/\/nvnoticias.mx\/index.php\/wp-json\/wp\/v2\/posts"}],"about":[{"href":"https:\/\/nvnoticias.mx\/index.php\/wp-json\/wp\/v2\/types\/post"}],"author":[{"embeddable":true,"href":"https:\/\/nvnoticias.mx\/index.php\/wp-json\/wp\/v2\/users\/35"}],"replies":[{"embeddable":true,"href":"https:\/\/nvnoticias.mx\/index.php\/wp-json\/wp\/v2\/comments?post=105332"}],"version-history":[{"count":1,"href":"https:\/\/nvnoticias.mx\/index.php\/wp-json\/wp\/v2\/posts\/105332\/revisions"}],"predecessor-version":[{"id":105334,"href":"https:\/\/nvnoticias.mx\/index.php\/wp-json\/wp\/v2\/posts\/105332\/revisions\/105334"}],"wp:featuredmedia":[{"embeddable":true,"href":"https:\/\/nvnoticias.mx\/index.php\/wp-json\/wp\/v2\/media\/105333"}],"wp:attachment":[{"href":"https:\/\/nvnoticias.mx\/index.php\/wp-json\/wp\/v2\/media?parent=105332"}],"wp:term":[{"taxonomy":"category","embeddable":true,"href":"https:\/\/nvnoticias.mx\/index.php\/wp-json\/wp\/v2\/categories?post=105332"},{"taxonomy":"post_tag","embeddable":true,"href":"https:\/\/nvnoticias.mx\/index.php\/wp-json\/wp\/v2\/tags?post=105332"}],"curies":[{"name":"wp","href":"https:\/\/api.w.org\/{rel}","templated":true}]}}