{"id":105276,"date":"2023-05-02T15:01:30","date_gmt":"2023-05-02T20:01:30","guid":{"rendered":"https:\/\/nvnoticias.mx\/?p=105276"},"modified":"2023-05-02T15:01:31","modified_gmt":"2023-05-02T20:01:31","slug":"casa-llena-en-el-beto-avila","status":"publish","type":"post","link":"https:\/\/nvnoticias.mx\/index.php\/2023\/05\/02\/casa-llena-en-el-beto-avila\/","title":{"rendered":"Casa llena en el Beto \u00c1vila"},"content":{"rendered":"\n<p>Las gradas del Estadio Beto \u00c1vila se llenaron de vida y de color con m\u00e1s de 12 mil personas durante tres d\u00edas de boletaje agotado en la serie contra Olmecas de Tabasco.<\/p>\n\n\n\n<p>Ante Olmecas, fue la segunda serie de local para El \u00c1guila y donde tambi\u00e9n tuvo su segundo lleno.<\/p>\n\n\n\n<p>\u201cEstamos muy felices, creo que la Liga se va acostumbrar a este tipo de situaciones (llenos) con nosotros, espero que todos los dem\u00e1s equipos tenga la misma afluencia de personas.<\/p>\n\n\n\n<blockquote class=\"wp-block-quote is-layout-flow wp-block-quote-is-layout-flow\"><p>\u201c<em>Aqu\u00ed estamos trabajando cada d\u00eda para que haya m\u00e1s gente y espect\u00e1culo alrededor del beisbo<\/em>l\u201d, destac\u00f3 H\u00e9ctor Fitch, Director General de El \u00c1guila durante un recorrido en pleno juego para supervisar la operatividad el estadio.<\/p><\/blockquote>\n\n\n\n<p>Para esta temporada 2023, el Estadio Beto \u00c1vila tuvo varias modificaciones en su infraestructura: la alberca, zona lounge y la terraza, aunado a la nueva oferta gastron\u00f3mica y activaciones en la pantalla, campo y tribuna con patrocinadores, como parte de una nueva experiencia para el aficionado.<\/p>\n\n\n\n<blockquote class=\"wp-block-quote is-layout-flow wp-block-quote-is-layout-flow\"><p>\u201c<em>Creo que estamos arriba de unas plazas, con la alberca, la zona lounge (\u2026) estamos superando todas las expectativas, es una gran fiesta<\/em>\u201d, destac\u00f3 H\u00e9ctor Fitch.<\/p><\/blockquote>\n\n\n\n<p>Adem\u00e1s durante la serie ante Olmecas, se tuvo una gran fiesta por la celebraci\u00f3n del D\u00eda del Ni\u00f1o, donde los aficionados m\u00e1s peque\u00f1os de El Glorioso pudieron batear en el mismo terreno que sus peloteros favoritos, tuvieron firma de aut\u00f3grafos y al final fueron recibidos tambi\u00e9n por sus jugadores con dulces y alimentos.<\/p>\n\n\n\n<p>Las estrategias de El \u00c1guila no solo se limitaron dentro del estadio, ya que se hizo un convenio con una concesionaria de transporte, para que los aficionados de Medell\u00edn, un municipio conurbado al puerto, pudieran asistir al juego en una ruta de ida-vuelta por un precio de $20 pesos y cuyos camiones est\u00e1n al t\u00e9rmino del juego.<\/p>\n\n\n\n<p>Con estas acciones, la organizaci\u00f3n de El \u00c1guila de Veracruz busca mejorar la experiencia de los aficionados en el estadio, para que sientan el Estadio Beto \u00c1vila como su verdadero hogar.<\/p>\n","protected":false},"excerpt":{"rendered":"<p>Las gradas del Estadio Beto \u00c1vila se llenaron de vida y de color con m\u00e1s de 12 mil personas durante tres d\u00edas de boletaje agotado en la serie contra Olmecas de Tabasco. Ante Olmecas, fue la segunda serie de local para El \u00c1guila y donde tambi\u00e9n tuvo su segundo lleno. \u201cEstamos muy felices, creo que [&hellip;]<\/p>\n","protected":false},"author":8,"featured_media":105277,"comment_status":"open","ping_status":"open","sticky":false,"template":"","format":"standard","meta":{"_monsterinsights_skip_tracking":false,"_monsterinsights_sitenote_active":false,"_monsterinsights_sitenote_note":"","_monsterinsights_sitenote_category":0,"footnotes":""},"categories":[159],"tags":[3070,1195,2315],"class_list":["post-105276","post","type-post","status-publish","format-standard","has-post-thumbnail","hentry","category-deportes","tag-aficionados","tag-el-aguila-de-veracruz","tag-parque-deportivo-beto-avila","wp-image-borders"],"amp_enabled":true,"_links":{"self":[{"href":"https:\/\/nvnoticias.mx\/index.php\/wp-json\/wp\/v2\/posts\/105276","targetHints":{"allow":["GET"]}}],"collection":[{"href":"https:\/\/nvnoticias.mx\/index.php\/wp-json\/wp\/v2\/posts"}],"about":[{"href":"https:\/\/nvnoticias.mx\/index.php\/wp-json\/wp\/v2\/types\/post"}],"author":[{"embeddable":true,"href":"https:\/\/nvnoticias.mx\/index.php\/wp-json\/wp\/v2\/users\/8"}],"replies":[{"embeddable":true,"href":"https:\/\/nvnoticias.mx\/index.php\/wp-json\/wp\/v2\/comments?post=105276"}],"version-history":[{"count":1,"href":"https:\/\/nvnoticias.mx\/index.php\/wp-json\/wp\/v2\/posts\/105276\/revisions"}],"predecessor-version":[{"id":105278,"href":"https:\/\/nvnoticias.mx\/index.php\/wp-json\/wp\/v2\/posts\/105276\/revisions\/105278"}],"wp:featuredmedia":[{"embeddable":true,"href":"https:\/\/nvnoticias.mx\/index.php\/wp-json\/wp\/v2\/media\/105277"}],"wp:attachment":[{"href":"https:\/\/nvnoticias.mx\/index.php\/wp-json\/wp\/v2\/media?parent=105276"}],"wp:term":[{"taxonomy":"category","embeddable":true,"href":"https:\/\/nvnoticias.mx\/index.php\/wp-json\/wp\/v2\/categories?post=105276"},{"taxonomy":"post_tag","embeddable":true,"href":"https:\/\/nvnoticias.mx\/index.php\/wp-json\/wp\/v2\/tags?post=105276"}],"curies":[{"name":"wp","href":"https:\/\/api.w.org\/{rel}","templated":true}]}}