{"id":105271,"date":"2023-05-02T14:48:20","date_gmt":"2023-05-02T19:48:20","guid":{"rendered":"https:\/\/nvnoticias.mx\/?p=105271"},"modified":"2023-05-02T14:48:20","modified_gmt":"2023-05-02T19:48:20","slug":"el-miercoles-se-llevaran-a-cabo-los-dos-ultimos-papaquis","status":"publish","type":"post","link":"https:\/\/nvnoticias.mx\/index.php\/2023\/05\/02\/el-miercoles-se-llevaran-a-cabo-los-dos-ultimos-papaquis\/","title":{"rendered":"El mi\u00e9rcoles se llevar\u00e1n a cabo los dos \u00faltimos papaquis"},"content":{"rendered":"\n<p><strong>Jes\u00fas Utrilla \/ NV Noticias <\/strong><\/p>\n\n\n\n<p>El mi\u00e9rcoles se llevar\u00e1n a cabo los dos \u00faltimos papaquis en el centro de la ciudad de Veracruz, pues las inscripciones para contender por las coronas de las fiestas carnestolendas cerraron el viernes. <\/p>\n\n\n\n<p>En total se inscribieron 16 candidatos para formar parte de la Corte Real del Carnaval de Veracruz 2023. <\/p>\n\n\n\n<p>Luis Antonio P\u00e9rez Fraga, presidente del Comit\u00e9 de Carnaval, dijo que el 16 de marzo se presentar\u00e1 oficialmente a los 16 candidatos a la Corte Real del Carnaval de Veracruz 2023. <\/p>\n\n\n\n<p>Dicha presentaci\u00f3n serpa igual que el a\u00f1o pasado en Plaza del Magisterio, entre 9 y 10 de la ma\u00f1ana. <\/p>\n\n\n\n<blockquote class=\"wp-block-quote is-layout-flow wp-block-quote-is-layout-flow\"><p>\u201c<em>Tuvimos una reuni\u00f3n de cerca de tres horas con la alcaldesa y le informamos que todo va en tiempo y forma, tanto carros aleg\u00f3ricos, papaquis, inscripciones y ahora la presentaci\u00f3n. De ah\u00ed haremos un papaqui final, ser\u00e1 solamente el de Independencia\u201d.<\/em> <\/p><\/blockquote>\n\n\n\n<p>Podr\u00eda haber un papaqui antes del Carnaval y ser\u00eda por la avenida Independencia, no en Boca del R\u00edo como oros a\u00f1os, pero es algo que se analiza y se definir\u00e1 en una semana. <\/p>\n\n\n\n<p>Ser\u00e1n siete jueces quienes decidan a los ganadores de las coronas de rey y reina. <\/p>\n\n\n\n<p>P\u00e9rez Fraga afirm\u00f3 que la decisi\u00f3n ser\u00e1 transparente. <\/p>\n\n\n\n<p>Tambi\u00e9n est\u00e1 por definirse el elenco art\u00edstico de las fiestas, sin embargo, habr\u00e1 pop, reggaeton, rock y para todos los gustos. <\/p>\n","protected":false},"excerpt":{"rendered":"<p>Jes\u00fas Utrilla \/ NV Noticias El mi\u00e9rcoles se llevar\u00e1n a cabo los dos \u00faltimos papaquis en el centro de la ciudad de Veracruz, pues las inscripciones para contender por las coronas de las fiestas carnestolendas cerraron el viernes. En total se inscribieron 16 candidatos para formar parte de la Corte Real del Carnaval de Veracruz [&hellip;]<\/p>\n","protected":false},"author":8,"featured_media":50158,"comment_status":"open","ping_status":"open","sticky":false,"template":"","format":"standard","meta":{"_monsterinsights_skip_tracking":false,"_monsterinsights_sitenote_active":false,"_monsterinsights_sitenote_note":"","_monsterinsights_sitenote_category":0,"footnotes":""},"categories":[154],"tags":[1138,15682],"class_list":["post-105271","post","type-post","status-publish","format-standard","has-post-thumbnail","hentry","category-veracruz","tag-carnaval-de-veracruz","tag-papaquis","wp-image-borders"],"amp_enabled":true,"_links":{"self":[{"href":"https:\/\/nvnoticias.mx\/index.php\/wp-json\/wp\/v2\/posts\/105271","targetHints":{"allow":["GET"]}}],"collection":[{"href":"https:\/\/nvnoticias.mx\/index.php\/wp-json\/wp\/v2\/posts"}],"about":[{"href":"https:\/\/nvnoticias.mx\/index.php\/wp-json\/wp\/v2\/types\/post"}],"author":[{"embeddable":true,"href":"https:\/\/nvnoticias.mx\/index.php\/wp-json\/wp\/v2\/users\/8"}],"replies":[{"embeddable":true,"href":"https:\/\/nvnoticias.mx\/index.php\/wp-json\/wp\/v2\/comments?post=105271"}],"version-history":[{"count":1,"href":"https:\/\/nvnoticias.mx\/index.php\/wp-json\/wp\/v2\/posts\/105271\/revisions"}],"predecessor-version":[{"id":105272,"href":"https:\/\/nvnoticias.mx\/index.php\/wp-json\/wp\/v2\/posts\/105271\/revisions\/105272"}],"wp:featuredmedia":[{"embeddable":true,"href":"https:\/\/nvnoticias.mx\/index.php\/wp-json\/wp\/v2\/media\/50158"}],"wp:attachment":[{"href":"https:\/\/nvnoticias.mx\/index.php\/wp-json\/wp\/v2\/media?parent=105271"}],"wp:term":[{"taxonomy":"category","embeddable":true,"href":"https:\/\/nvnoticias.mx\/index.php\/wp-json\/wp\/v2\/categories?post=105271"},{"taxonomy":"post_tag","embeddable":true,"href":"https:\/\/nvnoticias.mx\/index.php\/wp-json\/wp\/v2\/tags?post=105271"}],"curies":[{"name":"wp","href":"https:\/\/api.w.org\/{rel}","templated":true}]}}