{"id":105266,"date":"2023-05-02T14:38:01","date_gmt":"2023-05-02T19:38:01","guid":{"rendered":"https:\/\/nvnoticias.mx\/?p=105266"},"modified":"2023-05-02T14:38:02","modified_gmt":"2023-05-02T19:38:02","slug":"se-registra-genesis-vera-como-candidata-a-reina-del-carnaval-de-veracruz","status":"publish","type":"post","link":"https:\/\/nvnoticias.mx\/index.php\/2023\/05\/02\/se-registra-genesis-vera-como-candidata-a-reina-del-carnaval-de-veracruz\/","title":{"rendered":"Se registra G\u00e9nesis Vera, como candidata a reina del Carnaval de Veracruz"},"content":{"rendered":"\n<p><strong>Jes\u00fas Utrilla \/ NV Noticias <\/strong><\/p>\n\n\n\n<p>G\u00e9nesis Vera, candidata a reina del Carnaval de Veracruz realiz\u00f3 su papaqui de inscripci\u00f3n por la avenida Independencia.<\/p>\n\n\n\n<p>Su distintivo es el color verde y se dijo contenta de estar oficialmente en la contienda, ya que le gustar\u00eda representar a los jarochos en la fiesta de verano.<\/p>\n\n\n\n<p>Estuvo acompa\u00f1ada de botargas, un tranv\u00eda, batucada, bastoneras y comparsas, con quienes camin\u00f3 desde el Tranv\u00eda del Recuerdo hasta el z\u00f3calo para llegar a las oficinas del Comit\u00e9 de Carnaval.<\/p>\n\n\n\n<blockquote class=\"wp-block-quote is-layout-flow wp-block-quote-is-layout-flow\"><p>&#8220;<em>Espero dar lo mejor de mi, prepararme con clases, estudiando, practicando para mi prueba de talento y lo que sea para darles un buen show ese d\u00eda&#8221;<\/em>.<\/p><\/blockquote>\n\n\n\n<p>Durante su recorrido tambi\u00e9n cont\u00f3 con la presencia y apoyo de los Ex Reyes del Carnaval as\u00ed como aspirantes a rey en este 2023 quienes repartieron algunos regalos a los asistentes.<\/p>\n\n\n\n<p>Al llegar a las oficinas del Comit\u00e9 y hacer uso de la voz agradeci\u00f3 a todos los participantes as\u00ed como tambi\u00e9n a su staff, familia y amigos.<\/p>\n\n\n\n<p>En total se inscribieron 16 candidatos para formar parte de la Corte Real del Carnaval de Veracruz 2023. <\/p>\n\n\n\n<p>El 16 de marzo se presentar\u00e1 oficialmente a los 16 candidatos a la Corte Real del Carnaval de Veracruz 2023. <\/p>\n\n\n\n<p>Dicha presentaci\u00f3n serpa igual que el a\u00f1o pasado en Plaza del Magisterio, entre 9 y 10 de la ma\u00f1ana. <\/p>\n","protected":false},"excerpt":{"rendered":"<p>Jes\u00fas Utrilla \/ NV Noticias G\u00e9nesis Vera, candidata a reina del Carnaval de Veracruz realiz\u00f3 su papaqui de inscripci\u00f3n por la avenida Independencia. Su distintivo es el color verde y se dijo contenta de estar oficialmente en la contienda, ya que le gustar\u00eda representar a los jarochos en la fiesta de verano. Estuvo acompa\u00f1ada de [&hellip;]<\/p>\n","protected":false},"author":8,"featured_media":105267,"comment_status":"open","ping_status":"open","sticky":false,"template":"","format":"standard","meta":{"_monsterinsights_skip_tracking":false,"_monsterinsights_sitenote_active":false,"_monsterinsights_sitenote_note":"","_monsterinsights_sitenote_category":0,"footnotes":""},"categories":[154],"tags":[563,1138,24908,24824],"class_list":["post-105266","post","type-post","status-publish","format-standard","has-post-thumbnail","hentry","category-veracruz","tag-candidata","tag-carnaval-de-veracruz","tag-genesis-vera","tag-reyna","wp-image-borders"],"amp_enabled":true,"_links":{"self":[{"href":"https:\/\/nvnoticias.mx\/index.php\/wp-json\/wp\/v2\/posts\/105266","targetHints":{"allow":["GET"]}}],"collection":[{"href":"https:\/\/nvnoticias.mx\/index.php\/wp-json\/wp\/v2\/posts"}],"about":[{"href":"https:\/\/nvnoticias.mx\/index.php\/wp-json\/wp\/v2\/types\/post"}],"author":[{"embeddable":true,"href":"https:\/\/nvnoticias.mx\/index.php\/wp-json\/wp\/v2\/users\/8"}],"replies":[{"embeddable":true,"href":"https:\/\/nvnoticias.mx\/index.php\/wp-json\/wp\/v2\/comments?post=105266"}],"version-history":[{"count":1,"href":"https:\/\/nvnoticias.mx\/index.php\/wp-json\/wp\/v2\/posts\/105266\/revisions"}],"predecessor-version":[{"id":105268,"href":"https:\/\/nvnoticias.mx\/index.php\/wp-json\/wp\/v2\/posts\/105266\/revisions\/105268"}],"wp:featuredmedia":[{"embeddable":true,"href":"https:\/\/nvnoticias.mx\/index.php\/wp-json\/wp\/v2\/media\/105267"}],"wp:attachment":[{"href":"https:\/\/nvnoticias.mx\/index.php\/wp-json\/wp\/v2\/media?parent=105266"}],"wp:term":[{"taxonomy":"category","embeddable":true,"href":"https:\/\/nvnoticias.mx\/index.php\/wp-json\/wp\/v2\/categories?post=105266"},{"taxonomy":"post_tag","embeddable":true,"href":"https:\/\/nvnoticias.mx\/index.php\/wp-json\/wp\/v2\/tags?post=105266"}],"curies":[{"name":"wp","href":"https:\/\/api.w.org\/{rel}","templated":true}]}}