{"id":105264,"date":"2023-05-02T14:24:02","date_gmt":"2023-05-02T19:24:02","guid":{"rendered":"https:\/\/nvnoticias.mx\/?p=105264"},"modified":"2023-05-02T14:24:03","modified_gmt":"2023-05-02T19:24:03","slug":"presenta-inai-reclamacion-contra-suspension-de-la-corte-que-le-nego-sesionar-con-4-comisionados","status":"publish","type":"post","link":"https:\/\/nvnoticias.mx\/index.php\/2023\/05\/02\/presenta-inai-reclamacion-contra-suspension-de-la-corte-que-le-nego-sesionar-con-4-comisionados\/","title":{"rendered":"Presenta Inai reclamaci\u00f3n contra suspensi\u00f3n de la Corte que le neg\u00f3 sesionar con 4 comisionados"},"content":{"rendered":"\n<p>La comisionada presidenta del Instituto Nacional de Transparencia, Acceso a la Informaci\u00f3n y Protecci\u00f3n de Datos Personales (<strong>Inai<\/strong>), Blanca Lilia Ibarra, inform\u00f3 que la ma\u00f1ana de este martes se present\u00f3 un recurso de reclamaci\u00f3n contra la suspensi\u00f3n provisional de la Suprema Corte de Justicia de la Naci\u00f3n (<strong>SCJN<\/strong>), por la que se les neg\u00f3 que su pleno pueda sesionar con 4 integrantes.<\/p>\n\n\n\n<blockquote class=\"wp-block-quote is-layout-flow wp-block-quote-is-layout-flow\"><p>&#8220;Hace unos minutos presentamos un recurso de reclamaci\u00f3n contra la negativa inicial a la demanda leg\u00edtima de sesionar con cuatro integrantes del pleno&#8221;, declar\u00f3 en un mensaje a medios, emitido en las instalaciones del Inai.<\/p><\/blockquote>\n\n\n\n<p>Previo al mensaje, las comisionadas y los comisionados intentaron instalarse como pleno para atender m\u00e1s de 800 recursos listos para ser votados; sin embargo, no lo lograron por la falta de qu\u00f3rum.<\/p>\n\n\n\n<p>Fuente: <a href=\"https:\/\/www.eluniversal.com.mx\/nacion\/inai-presenta-reclamacion-contra-suspension-de-la-corte-que-le-nego-sesionar-con-4-comisionados\/\" data-type=\"URL\" data-id=\"https:\/\/www.eluniversal.com.mx\/nacion\/inai-presenta-reclamacion-contra-suspension-de-la-corte-que-le-nego-sesionar-con-4-comisionados\/\">El Universal<\/a><\/p>\n","protected":false},"excerpt":{"rendered":"<p>La comisionada presidenta del Instituto Nacional de Transparencia, Acceso a la Informaci\u00f3n y Protecci\u00f3n de Datos Personales (Inai), Blanca Lilia Ibarra, inform\u00f3 que la ma\u00f1ana de este martes se present\u00f3 un recurso de reclamaci\u00f3n contra la suspensi\u00f3n provisional de la Suprema Corte de Justicia de la Naci\u00f3n (SCJN), por la que se les neg\u00f3 que [&hellip;]<\/p>\n","protected":false},"author":35,"featured_media":988,"comment_status":"open","ping_status":"open","sticky":false,"template":"","format":"standard","meta":{"_monsterinsights_skip_tracking":false,"_monsterinsights_sitenote_active":false,"_monsterinsights_sitenote_note":"","_monsterinsights_sitenote_category":0,"footnotes":""},"categories":[158],"tags":[21482,355,18513,9077,24907,3291],"class_list":["post-105264","post","type-post","status-publish","format-standard","has-post-thumbnail","hentry","category-politica","tag-comisionados","tag-inai","tag-nego","tag-presenta","tag-reclamacion","tag-suspension","wp-image-borders"],"amp_enabled":true,"_links":{"self":[{"href":"https:\/\/nvnoticias.mx\/index.php\/wp-json\/wp\/v2\/posts\/105264","targetHints":{"allow":["GET"]}}],"collection":[{"href":"https:\/\/nvnoticias.mx\/index.php\/wp-json\/wp\/v2\/posts"}],"about":[{"href":"https:\/\/nvnoticias.mx\/index.php\/wp-json\/wp\/v2\/types\/post"}],"author":[{"embeddable":true,"href":"https:\/\/nvnoticias.mx\/index.php\/wp-json\/wp\/v2\/users\/35"}],"replies":[{"embeddable":true,"href":"https:\/\/nvnoticias.mx\/index.php\/wp-json\/wp\/v2\/comments?post=105264"}],"version-history":[{"count":1,"href":"https:\/\/nvnoticias.mx\/index.php\/wp-json\/wp\/v2\/posts\/105264\/revisions"}],"predecessor-version":[{"id":105265,"href":"https:\/\/nvnoticias.mx\/index.php\/wp-json\/wp\/v2\/posts\/105264\/revisions\/105265"}],"wp:featuredmedia":[{"embeddable":true,"href":"https:\/\/nvnoticias.mx\/index.php\/wp-json\/wp\/v2\/media\/988"}],"wp:attachment":[{"href":"https:\/\/nvnoticias.mx\/index.php\/wp-json\/wp\/v2\/media?parent=105264"}],"wp:term":[{"taxonomy":"category","embeddable":true,"href":"https:\/\/nvnoticias.mx\/index.php\/wp-json\/wp\/v2\/categories?post=105264"},{"taxonomy":"post_tag","embeddable":true,"href":"https:\/\/nvnoticias.mx\/index.php\/wp-json\/wp\/v2\/tags?post=105264"}],"curies":[{"name":"wp","href":"https:\/\/api.w.org\/{rel}","templated":true}]}}