{"id":105250,"date":"2023-05-02T13:47:01","date_gmt":"2023-05-02T18:47:01","guid":{"rendered":"https:\/\/nvnoticias.mx\/?p=105250"},"modified":"2023-05-02T13:47:19","modified_gmt":"2023-05-02T18:47:19","slug":"ordena-jueza-al-senado-nombrar-a-comisionados-faltantes-del-inai","status":"publish","type":"post","link":"https:\/\/nvnoticias.mx\/index.php\/2023\/05\/02\/ordena-jueza-al-senado-nombrar-a-comisionados-faltantes-del-inai\/","title":{"rendered":"Ordena jueza al Senado nombrar a comisionados faltantes del Inai"},"content":{"rendered":"\n<p>Ante un amparo promovido por el<strong> Consejo Nacional de Litigio Estrat\u00e9gico<\/strong> y el Consejo Consultivo Inai, una jueza federal concedi\u00f3 una suspensi\u00f3n provisional para que el <strong>Senado <\/strong>apruebe el nombramiento de la tercera vacante al interior del pleno del Instituto Nacional de Transparencia, Acceso a la Informaci\u00f3n y Protecci\u00f3n de Datos Personales (<strong>Inai<\/strong>).<\/p>\n\n\n\n<p>Luego de que el 31 de marzo<strong> Francisco Acu\u00f1a Llamas<\/strong> concluy\u00f3 su cargo como comisionado y se dej\u00f3 al Inai con 4 de 5 comisionados que se requiere por ley para realizar sesiones, una jueza federal determin\u00f3, a trav\u00e9s de la suspensi\u00f3n, que la Junta de Coordinaci\u00f3n Pol\u00edtica del Senado cuenta con todos los elementos para remitir al pleno de la C\u00e1mara Alta el acuerdo \u201cpor virtud del cual se pueda votar el nombramiento del reemplazo\u201d.<\/p>\n\n\n\n<p>El Consejo Nacional de Litigio Estrat\u00e9gico detall\u00f3 que desde el 1 de abril, el Inai se ha vuelto un \u00f3rgano inoperante.<\/p>\n\n\n\n<blockquote class=\"wp-block-quote is-layout-flow wp-block-quote-is-layout-flow\"><p>\u201cCon esta suspensi\u00f3n se reconoce la omisi\u00f3n del Senado de garantizar la debida integraci\u00f3n de un \u00f3rgano aut\u00f3nomo.<\/p><\/blockquote>\n\n\n\n<blockquote class=\"wp-block-quote is-layout-flow wp-block-quote-is-layout-flow\"><p>\u201cCon esto, sumado a otra suspensi\u00f3n concedida en nuestro favor en febrero, hemos logrado el reconocimiento de la obligaci\u00f3n del Senado de nombrar a los Comisionados para llenar las 3 vacantes al interior del Inai\u201d, se puntualiz\u00f3.<\/p><\/blockquote>\n\n\n\n<p>De no atender estas suspensiones, el Senado no s\u00f3lo viola la Constituci\u00f3n, sino un mandato judicial.<\/p>\n\n\n\n<p>Fuente: <a href=\"https:\/\/www.eluniversal.com.mx\/nacion\/jueza-ordena-al-senado-nombrar-a-comisionados-faltantes-del-inai\/\" data-type=\"URL\" data-id=\"https:\/\/www.eluniversal.com.mx\/nacion\/jueza-ordena-al-senado-nombrar-a-comisionados-faltantes-del-inai\/\">El Universal<\/a><\/p>\n","protected":false},"excerpt":{"rendered":"<p>Ante un amparo promovido por el Consejo Nacional de Litigio Estrat\u00e9gico y el Consejo Consultivo Inai, una jueza federal concedi\u00f3 una suspensi\u00f3n provisional para que el Senado apruebe el nombramiento de la tercera vacante al interior del pleno del Instituto Nacional de Transparencia, Acceso a la Informaci\u00f3n y Protecci\u00f3n de Datos Personales (Inai). Luego de [&hellip;]<\/p>\n","protected":false},"author":35,"featured_media":44262,"comment_status":"open","ping_status":"open","sticky":false,"template":"","format":"standard","meta":{"_monsterinsights_skip_tracking":false,"_monsterinsights_sitenote_active":false,"_monsterinsights_sitenote_note":"","_monsterinsights_sitenote_category":0,"footnotes":""},"categories":[158],"tags":[21482,24905,355,12224,9099,162,369],"class_list":["post-105250","post","type-post","status-publish","format-standard","has-post-thumbnail","hentry","category-politica","tag-comisionados","tag-faltantes","tag-inai","tag-jueza","tag-ordena","tag-portada","tag-senado","wp-image-borders"],"amp_enabled":true,"_links":{"self":[{"href":"https:\/\/nvnoticias.mx\/index.php\/wp-json\/wp\/v2\/posts\/105250","targetHints":{"allow":["GET"]}}],"collection":[{"href":"https:\/\/nvnoticias.mx\/index.php\/wp-json\/wp\/v2\/posts"}],"about":[{"href":"https:\/\/nvnoticias.mx\/index.php\/wp-json\/wp\/v2\/types\/post"}],"author":[{"embeddable":true,"href":"https:\/\/nvnoticias.mx\/index.php\/wp-json\/wp\/v2\/users\/35"}],"replies":[{"embeddable":true,"href":"https:\/\/nvnoticias.mx\/index.php\/wp-json\/wp\/v2\/comments?post=105250"}],"version-history":[{"count":1,"href":"https:\/\/nvnoticias.mx\/index.php\/wp-json\/wp\/v2\/posts\/105250\/revisions"}],"predecessor-version":[{"id":105251,"href":"https:\/\/nvnoticias.mx\/index.php\/wp-json\/wp\/v2\/posts\/105250\/revisions\/105251"}],"wp:featuredmedia":[{"embeddable":true,"href":"https:\/\/nvnoticias.mx\/index.php\/wp-json\/wp\/v2\/media\/44262"}],"wp:attachment":[{"href":"https:\/\/nvnoticias.mx\/index.php\/wp-json\/wp\/v2\/media?parent=105250"}],"wp:term":[{"taxonomy":"category","embeddable":true,"href":"https:\/\/nvnoticias.mx\/index.php\/wp-json\/wp\/v2\/categories?post=105250"},{"taxonomy":"post_tag","embeddable":true,"href":"https:\/\/nvnoticias.mx\/index.php\/wp-json\/wp\/v2\/tags?post=105250"}],"curies":[{"name":"wp","href":"https:\/\/api.w.org\/{rel}","templated":true}]}}