{"id":105244,"date":"2023-05-02T13:35:07","date_gmt":"2023-05-02T18:35:07","guid":{"rendered":"https:\/\/nvnoticias.mx\/?p=105244"},"modified":"2023-05-02T13:35:08","modified_gmt":"2023-05-02T18:35:08","slug":"invitan-a-la-primera-muestra-cineteca-veracruz-los-dias-11-12-y-13-de-mayo","status":"publish","type":"post","link":"https:\/\/nvnoticias.mx\/index.php\/2023\/05\/02\/invitan-a-la-primera-muestra-cineteca-veracruz-los-dias-11-12-y-13-de-mayo\/","title":{"rendered":"Invitan a la Primera Muestra Cineteca Veracruz los d\u00edas 11, 12 y 13 de mayo"},"content":{"rendered":"\n<p><strong>Jes\u00fas Utrilla \/ NV Noticias <\/strong><\/p>\n\n\n\n<p>El Foro Boca ser\u00e1 sede de la Primera Muestra Cineteca Veracruz, a realizarse los d\u00edas 11, 12 y 13 de mayo. Gustavo Vegas, presidente de Cineteca Veracruz AC, dijo que el programa de exhibici\u00f3n cinematogr\u00e1fica llega por primera vez a la zona conurbada. <\/p>\n\n\n\n<p>Habr\u00e1 pl\u00e1ticas magistrales, cortometraje internacional y otro cortometraje de cine Veracruz. <\/p>\n\n\n\n<blockquote class=\"wp-block-quote is-layout-flow wp-block-quote-is-layout-flow\"><p>\u201c<em>Est\u00e1 hecho por veracruzanos. La programaci\u00f3n estar\u00e1 disponible en todas las redes y espacios del Foro Boca, del Cinecito y de la Cineteca Veracruz<\/em>\u201d.  <\/p><\/blockquote>\n\n\n\n<p>Las funciones ser\u00e1n a partir de las 6 de la tarde en el Foro Boca, con dos programas diarios. <\/p>\n\n\n\n<p>A las 6 pm el cortometraje internacional y a las 8 de la noche el cine de Veracruz, durante los tres d\u00edas. <\/p>\n\n\n\n<p>En el Cinecito, ubicado en la ciudad de Veracruz habr\u00e1 pl\u00e1ticas magistrales abiertas para el p\u00fablico en general.  <\/p>\n\n\n\n<blockquote class=\"wp-block-quote is-layout-flow wp-block-quote-is-layout-flow\"><p>\u201c<em>Es un programa en el que se van a presentar pel\u00edculas que no es f\u00e1cil encontrar en carteleras comerciales. El movimiento cinematogr\u00e1fico es amplio desde hace m\u00e1s de dos d\u00e9cadas. A trav\u00e9s del cine comparten su visi\u00f3n y como veracruzanos debemos poner atenci\u00f3n a la mirada de los artistas<\/em>\u201d. <\/p><\/blockquote>\n\n\n\n<p>Destac\u00f3 la riqueza cultural de Veracruz, as\u00ed como el talento local, por lo que seguir\u00e1 la promoci\u00f3n de las riquezas de Veracruz. <\/p>\n","protected":false},"excerpt":{"rendered":"<p>Jes\u00fas Utrilla \/ NV Noticias El Foro Boca ser\u00e1 sede de la Primera Muestra Cineteca Veracruz, a realizarse los d\u00edas 11, 12 y 13 de mayo. Gustavo Vegas, presidente de Cineteca Veracruz AC, dijo que el programa de exhibici\u00f3n cinematogr\u00e1fica llega por primera vez a la zona conurbada. Habr\u00e1 pl\u00e1ticas magistrales, cortometraje internacional y otro [&hellip;]<\/p>\n","protected":false},"author":8,"featured_media":105246,"comment_status":"open","ping_status":"open","sticky":false,"template":"","format":"standard","meta":{"_monsterinsights_skip_tracking":false,"_monsterinsights_sitenote_active":false,"_monsterinsights_sitenote_note":"","_monsterinsights_sitenote_category":0,"footnotes":""},"categories":[154],"tags":[24904,15509,180],"class_list":["post-105244","post","type-post","status-publish","format-standard","has-post-thumbnail","hentry","category-veracruz","tag-cineteca","tag-foro-boca","tag-veracruz","wp-image-borders"],"amp_enabled":true,"_links":{"self":[{"href":"https:\/\/nvnoticias.mx\/index.php\/wp-json\/wp\/v2\/posts\/105244","targetHints":{"allow":["GET"]}}],"collection":[{"href":"https:\/\/nvnoticias.mx\/index.php\/wp-json\/wp\/v2\/posts"}],"about":[{"href":"https:\/\/nvnoticias.mx\/index.php\/wp-json\/wp\/v2\/types\/post"}],"author":[{"embeddable":true,"href":"https:\/\/nvnoticias.mx\/index.php\/wp-json\/wp\/v2\/users\/8"}],"replies":[{"embeddable":true,"href":"https:\/\/nvnoticias.mx\/index.php\/wp-json\/wp\/v2\/comments?post=105244"}],"version-history":[{"count":1,"href":"https:\/\/nvnoticias.mx\/index.php\/wp-json\/wp\/v2\/posts\/105244\/revisions"}],"predecessor-version":[{"id":105247,"href":"https:\/\/nvnoticias.mx\/index.php\/wp-json\/wp\/v2\/posts\/105244\/revisions\/105247"}],"wp:featuredmedia":[{"embeddable":true,"href":"https:\/\/nvnoticias.mx\/index.php\/wp-json\/wp\/v2\/media\/105246"}],"wp:attachment":[{"href":"https:\/\/nvnoticias.mx\/index.php\/wp-json\/wp\/v2\/media?parent=105244"}],"wp:term":[{"taxonomy":"category","embeddable":true,"href":"https:\/\/nvnoticias.mx\/index.php\/wp-json\/wp\/v2\/categories?post=105244"},{"taxonomy":"post_tag","embeddable":true,"href":"https:\/\/nvnoticias.mx\/index.php\/wp-json\/wp\/v2\/tags?post=105244"}],"curies":[{"name":"wp","href":"https:\/\/api.w.org\/{rel}","templated":true}]}}