{"id":105191,"date":"2023-05-02T10:32:32","date_gmt":"2023-05-02T15:32:32","guid":{"rendered":"https:\/\/nvnoticias.mx\/?p=105191"},"modified":"2023-05-02T10:32:33","modified_gmt":"2023-05-02T15:32:33","slug":"propone-ministro-invalidar-primera-parte-del-plan-b-electoral","status":"publish","type":"post","link":"https:\/\/nvnoticias.mx\/index.php\/2023\/05\/02\/propone-ministro-invalidar-primera-parte-del-plan-b-electoral\/","title":{"rendered":"Propone ministro invalidar primera parte del &#8216;Plan B&#8217; electoral"},"content":{"rendered":"\n<p>Por seis violaciones graves al procedimiento legislativo que impactaron de manera directa en su aprobaci\u00f3n,&nbsp;<strong>el ministro Alberto P\u00e9rez Day\u00e1n<\/strong>&nbsp;propondr\u00e1 al Pleno de la Suprema Corte de Justicia de la Naci\u00f3n (SCJN) invalidar en su totalidad la primera parte del llamado \u201cPlan B\u201d, impulsado por el gobierno federal para lograr una reforma electoral antes de los comicios presidenciales del 2024.&nbsp;<\/p>\n\n\n\n<p>En un proyecto de sentencia que recoge \u201c<strong>un c\u00famulo de irregularidades y violaciones\u201d a los reglamentos internos de las C\u00e1maras de Diputados y Senadores<\/strong>, el ministro P\u00e9rez Day\u00e1n advierte que las infracciones cometidas por la mayor\u00eda parlamentaria que conforman Morena, PT y Partido Verde en el proceso parlamentario para aprobar las reformas a la Ley General de Comunicaci\u00f3n Social y a la Ley General de Responsabilidades Administrativas, son de tal gravedad que violan los art\u00edculos 71 y 72 de la Constituci\u00f3n Mexicana.<\/p>\n\n\n\n<p>La propuesta de sentencia agrega que las irregularidades y violaciones al procedimiento legislativo \u201cno son superables\u201d y afectan de manera sustancial el principio de que haya deliberaci\u00f3n entre las partes dentro de una democracia representativa, adem\u00e1s de que afectan el debido proceso y se niegan sus derechos formales a las minor\u00edas parlamentarias.<\/p>\n\n\n\n<p>Por lo anterior, el proyecto de sentencia que requiere de ocho votos para lograr una mayor\u00eda calificada, propone que se declare\u00a0<strong>la invalidez total de las normas impugnadas<\/strong>, sin entrar al debate sobre la constitucionalidad o inconstitucionalidad de las reformas electorales que componen la primera parte del \u201cPlan B\u201d de la reforma electoral.<\/p>\n\n\n\n<p>La propuesta del ministro P\u00e9rez Day\u00e1n precisa que el efecto de su sentencia es expulsar de los ordenamientos jur\u00eddicos todos las reformas legislativas publicadas el pasado 27 de diciembre del 2022 que hayan modificado, adicionado o derogado la Ley General de Comunicaci\u00f3n Social y la Ley General de Responsabilidades Administrativas.<\/p>\n\n\n\n<p>Al resolver\u00a0<strong>siete acciones de inconstitucionalidad promovidas por el PAN, PRD, PRI, Movimiento Ciudadano, 46 senadores y 177 diputados federales<\/strong>\u00a0de las minor\u00edas parlamentarias, la propuesta del ministro P\u00e9rez Day\u00e1n indica que las violaciones al procedimiento legislativo fueron las siguientes:<\/p>\n\n\n\n<p>a)&nbsp;<strong>Violaci\u00f3n a los art\u00edculos 71 y 72 de la Constituci\u00f3n Federal<\/strong>&nbsp;porque el Decreto combatido se aprob\u00f3 sin observar las reglas del procedimiento legislativo, ya que la iniciativa por la que se reforman, adicionan y derogan diversas disposiciones de la Ley General de Comunicaci\u00f3n Social y de la Ley General de Responsabilidades Administrativas, publicada en la Gaceta Parlamentaria de la C\u00e1mara de Diputados, no es la misma que se present\u00f3 para aprobaci\u00f3n en la sesi\u00f3n de seis de diciembre de dos mil veintid\u00f3s;<\/p>\n\n\n\n<p>b) Porque la iniciativa no pas\u00f3 por un procedimiento legislativo ordinario pues, para su aprobaci\u00f3n<strong>, se recurri\u00f3 al tr\u00e1mite de \u201curgencia u obvia resoluci\u00f3n\u201d;<\/strong>&nbsp;sin embargo, ni en el momento de su presentaci\u00f3n, ni de la lectura de la exposici\u00f3n de motivos, se advierten las razones para actualizar el supuesto del art\u00edculo 82, numeral 2, fracci\u00f3n I, del Reglamento de la C\u00e1mara de Diputados, ni las condiciones que, en relaci\u00f3n con \u00e9ste, ha establecido la Suprema Corte en jurisprudencia; y,&nbsp;<\/p>\n\n\n\n<p>c) El Decreto impugnado fue aprobado&nbsp;<strong>en transgresi\u00f3n al principio de deliberaci\u00f3n democr\u00e1tica,<\/strong>&nbsp;ya que no es el resultado del debate que debe existir en todo \u00f3rgano legislativo, es decir, la tramitaci\u00f3n como de urgente u obvia resoluci\u00f3n en la C\u00e1mara de Diputados, y las irregularidades cometidas en Comisiones de la C\u00e1mara de Senadores impidi\u00f3 su conocimiento, la deliberaci\u00f3n democr\u00e1tica real, cualitativa y de fondo.&nbsp;<\/p>\n\n\n\n<p>Por lo anterior, el ministro afirma que \u201cante la gravedad de tales infracciones en conjunto permite concluir con la invalidez del Decreto cuestionado, por violaci\u00f3n directa a los art\u00edculos 71 y 72 de la Constituci\u00f3n Federal, esto porque la iniciativa no se conoci\u00f3 a tiempo, ni se public\u00f3 con la anticipaci\u00f3n debida para su discusi\u00f3n en la C\u00e1mara de Origen, dada la inobservancia a las disposiciones contenidas en el Reglamento de cada C\u00e1mara, desconoci\u00e9ndose con ello el principio de deliberaci\u00f3n informada y democr\u00e1tica, as\u00ed como los derechos que asisten a la representaci\u00f3n popular\u201d.<\/p>\n\n\n\n<p>Fuente: <a href=\"https:\/\/aristeguinoticias.com\/0105\/mexico\/propone-ministro-invalidar-primeras-reformas-electorales-del-plan-b\/\" data-type=\"URL\" data-id=\"https:\/\/aristeguinoticias.com\/0105\/mexico\/propone-ministro-invalidar-primeras-reformas-electorales-del-plan-b\/\">Aristegui<\/a> <\/p>\n","protected":false},"excerpt":{"rendered":"<p>Por seis violaciones graves al procedimiento legislativo que impactaron de manera directa en su aprobaci\u00f3n,&nbsp;el ministro Alberto P\u00e9rez Day\u00e1n&nbsp;propondr\u00e1 al Pleno de la Suprema Corte de Justicia de la Naci\u00f3n (SCJN) invalidar en su totalidad la primera parte del llamado \u201cPlan B\u201d, impulsado por el gobierno federal para lograr una reforma electoral antes de los [&hellip;]<\/p>\n","protected":false},"author":35,"featured_media":42963,"comment_status":"open","ping_status":"open","sticky":false,"template":"","format":"standard","meta":{"_monsterinsights_skip_tracking":false,"_monsterinsights_sitenote_active":false,"_monsterinsights_sitenote_note":"","_monsterinsights_sitenote_category":0,"footnotes":""},"categories":[158],"tags":[9262,8359,23453,162,9596],"class_list":["post-105191","post","type-post","status-publish","format-standard","has-post-thumbnail","hentry","category-politica","tag-invalidar","tag-ministro","tag-plan-b-electoral","tag-portada","tag-propone","wp-image-borders"],"amp_enabled":true,"_links":{"self":[{"href":"https:\/\/nvnoticias.mx\/index.php\/wp-json\/wp\/v2\/posts\/105191","targetHints":{"allow":["GET"]}}],"collection":[{"href":"https:\/\/nvnoticias.mx\/index.php\/wp-json\/wp\/v2\/posts"}],"about":[{"href":"https:\/\/nvnoticias.mx\/index.php\/wp-json\/wp\/v2\/types\/post"}],"author":[{"embeddable":true,"href":"https:\/\/nvnoticias.mx\/index.php\/wp-json\/wp\/v2\/users\/35"}],"replies":[{"embeddable":true,"href":"https:\/\/nvnoticias.mx\/index.php\/wp-json\/wp\/v2\/comments?post=105191"}],"version-history":[{"count":5,"href":"https:\/\/nvnoticias.mx\/index.php\/wp-json\/wp\/v2\/posts\/105191\/revisions"}],"predecessor-version":[{"id":105196,"href":"https:\/\/nvnoticias.mx\/index.php\/wp-json\/wp\/v2\/posts\/105191\/revisions\/105196"}],"wp:featuredmedia":[{"embeddable":true,"href":"https:\/\/nvnoticias.mx\/index.php\/wp-json\/wp\/v2\/media\/42963"}],"wp:attachment":[{"href":"https:\/\/nvnoticias.mx\/index.php\/wp-json\/wp\/v2\/media?parent=105191"}],"wp:term":[{"taxonomy":"category","embeddable":true,"href":"https:\/\/nvnoticias.mx\/index.php\/wp-json\/wp\/v2\/categories?post=105191"},{"taxonomy":"post_tag","embeddable":true,"href":"https:\/\/nvnoticias.mx\/index.php\/wp-json\/wp\/v2\/tags?post=105191"}],"curies":[{"name":"wp","href":"https:\/\/api.w.org\/{rel}","templated":true}]}}