{"id":105179,"date":"2023-05-01T14:43:11","date_gmt":"2023-05-01T19:43:11","guid":{"rendered":"https:\/\/nvnoticias.mx\/?p=105179"},"modified":"2023-05-01T14:43:12","modified_gmt":"2023-05-01T19:43:12","slug":"trabajadores-de-icave-pidieron-mejores-garantias-laborales-pues-no-tienen-descansos","status":"publish","type":"post","link":"https:\/\/nvnoticias.mx\/index.php\/2023\/05\/01\/trabajadores-de-icave-pidieron-mejores-garantias-laborales-pues-no-tienen-descansos\/","title":{"rendered":"Trabajadores de ICAVE pidieron mejores garant\u00edas laborales pues no tienen descansos"},"content":{"rendered":"\n<p><strong>Jes\u00fas Utrilla \/ NV Noticias <\/strong><\/p>\n\n\n\n<p>Trabajadores de ICAVE pidieron mejores garant\u00edas laborales. Durante la conmemoraci\u00f3n del D\u00eda del Trabajo, Augusto Crespo Ruiz, secretario general del Sindicato de Icave acus\u00f3 que la empresa comete atropellos a sus derechos.<\/p>\n\n\n\n<p>Dijo que la mayor\u00eda tiene jornadas de 96 horas y si piden un d\u00eda de descanso la empresa los da de baja del Instituto Mexicano del Seguro Social,  violando la Constituci\u00f3n, ya que por cada seis d\u00edas de trabajo deber\u00edan descansar uno.<\/p>\n\n\n\n<blockquote class=\"wp-block-quote is-layout-flow wp-block-quote-is-layout-flow\"><p><em>\u201cEl Art\u00edculo 69 de la Ley Federal del Trabajo dice que por cada seis d\u00edas laborados el trabajador tiene derecho a un d\u00eda de descanso. S\u00ed nos pagan el s\u00e9ptimo d\u00eda pero nos dan de baja en el IMSS lo cual no es correcto. Hay trabajadores de jornadas de 96 d\u00edas en seis d\u00edas y piden un permiso y los dan de baja del IMSS\u201d. <\/em><\/p><\/blockquote>\n\n\n\n<p>Puntualiz\u00f3 que se enfrentan a diferentes anomal\u00edas y atropellos de sus derechos laborales. Hay trabajadores que cumplir\u00e1n 28 a\u00f1os sin tener un d\u00eda vacacional, pero adem\u00e1s se enfrentan a una explotaci\u00f3n laboral vigente.<\/p>\n\n\n\n<blockquote class=\"wp-block-quote is-layout-flow wp-block-quote-is-layout-flow\"><p>\u201c<em>Lo que hoy venimos a manifestar es que no gozamos de vacaciones, solamente nos pagan lo de un a\u00f1o as\u00ed tengamos de antig\u00fcedad 28, ya queremos pelear esta revisi\u00f3n, pelear los art\u00edculos que nos favorecen en la ley y que la empresa los est\u00e1 violando<\/em>\u201d. <\/p><\/blockquote>\n\n\n\n<p>Adelant\u00f3 que en la siguiente revisi\u00f3n del contrato colectivo buscar\u00e1n mejores garant\u00edas.<\/p>\n","protected":false},"excerpt":{"rendered":"<p>Jes\u00fas Utrilla \/ NV Noticias Trabajadores de ICAVE pidieron mejores garant\u00edas laborales. Durante la conmemoraci\u00f3n del D\u00eda del Trabajo, Augusto Crespo Ruiz, secretario general del Sindicato de Icave acus\u00f3 que la empresa comete atropellos a sus derechos. Dijo que la mayor\u00eda tiene jornadas de 96 horas y si piden un d\u00eda de descanso la empresa [&hellip;]<\/p>\n","protected":false},"author":8,"featured_media":105180,"comment_status":"open","ping_status":"open","sticky":false,"template":"","format":"standard","meta":{"_monsterinsights_skip_tracking":false,"_monsterinsights_sitenote_active":false,"_monsterinsights_sitenote_note":"","_monsterinsights_sitenote_category":0,"footnotes":""},"categories":[154],"tags":[21238,941],"class_list":["post-105179","post","type-post","status-publish","format-standard","has-post-thumbnail","hentry","category-veracruz","tag-icave","tag-trabajadores","wp-image-borders"],"amp_enabled":true,"_links":{"self":[{"href":"https:\/\/nvnoticias.mx\/index.php\/wp-json\/wp\/v2\/posts\/105179","targetHints":{"allow":["GET"]}}],"collection":[{"href":"https:\/\/nvnoticias.mx\/index.php\/wp-json\/wp\/v2\/posts"}],"about":[{"href":"https:\/\/nvnoticias.mx\/index.php\/wp-json\/wp\/v2\/types\/post"}],"author":[{"embeddable":true,"href":"https:\/\/nvnoticias.mx\/index.php\/wp-json\/wp\/v2\/users\/8"}],"replies":[{"embeddable":true,"href":"https:\/\/nvnoticias.mx\/index.php\/wp-json\/wp\/v2\/comments?post=105179"}],"version-history":[{"count":1,"href":"https:\/\/nvnoticias.mx\/index.php\/wp-json\/wp\/v2\/posts\/105179\/revisions"}],"predecessor-version":[{"id":105181,"href":"https:\/\/nvnoticias.mx\/index.php\/wp-json\/wp\/v2\/posts\/105179\/revisions\/105181"}],"wp:featuredmedia":[{"embeddable":true,"href":"https:\/\/nvnoticias.mx\/index.php\/wp-json\/wp\/v2\/media\/105180"}],"wp:attachment":[{"href":"https:\/\/nvnoticias.mx\/index.php\/wp-json\/wp\/v2\/media?parent=105179"}],"wp:term":[{"taxonomy":"category","embeddable":true,"href":"https:\/\/nvnoticias.mx\/index.php\/wp-json\/wp\/v2\/categories?post=105179"},{"taxonomy":"post_tag","embeddable":true,"href":"https:\/\/nvnoticias.mx\/index.php\/wp-json\/wp\/v2\/tags?post=105179"}],"curies":[{"name":"wp","href":"https:\/\/api.w.org\/{rel}","templated":true}]}}