{"id":105172,"date":"2023-05-01T13:34:26","date_gmt":"2023-05-01T18:34:26","guid":{"rendered":"https:\/\/nvnoticias.mx\/?p=105172"},"modified":"2023-05-01T13:34:27","modified_gmt":"2023-05-01T18:34:27","slug":"revelan-quienes-son-los-famosos-que-fueron-vetados-de-la-met-gala","status":"publish","type":"post","link":"https:\/\/nvnoticias.mx\/index.php\/2023\/05\/01\/revelan-quienes-son-los-famosos-que-fueron-vetados-de-la-met-gala\/","title":{"rendered":"Revelan qui\u00e9nes son los famosos que fueron vetados de la MET Gala"},"content":{"rendered":"\n<p>Uno de los eventos de moda m\u00e1s esperados por los seguidores del fashionismo es la <strong>MET Gala, <\/strong>que se lleva a cabo cada a\u00f1o en el <strong>Museo Metropolitano de Nueva York <\/strong>y en el que las celebridades, exponen sus mejores vestidos conforme as\u00ed lo dictamine el c\u00f3digo que se marca para la fecha. En 2023, el homenaje ser\u00e1 para el fallecido <strong>Karl Lagerfeld, <\/strong>por lo que se espera un derroche de glamour en la esperada alfombra roja.<\/p>\n\n\n\n<p>Este evento es querido por muchos y odiado por otros, pues las celebridades esperan con ansias su llegada para socializar y asistir con las mejores galas de los dise\u00f1adores m\u00e1s prestigiosos del mundo, existen otros tantos a los que la <strong>MET Gala <\/strong>no los trasnocha, por lo que al expresarlo en p\u00fablico pasaron a ser ignorados del m\u00e1ximo evento de la moda.<\/p>\n\n\n\n<p><strong>Anna Wintour, <\/strong>organizadora de la gala y editora de la revista <em>Vogue <\/em>solamente ha hecho referencia a una persona a la que efectivamente le qued\u00f3 prohibida la entrada a la prestigiosa reuni\u00f3n, se dice que son muchos m\u00e1s lo que tiene en una \u201clista negra\u201d una de las mujeres m\u00e1s destacadas en la industria de la moda, por lo que se han quedado sentados esperando la invitaci\u00f3n por cuenta de sus comentarios negativos.<\/p>\n\n\n\n<p>Aqu\u00ed le presentamos la lista de celebridades que posiblemente no estar\u00e1n en el evento, entre los que se encuentra el ex presidente de los Estados Unidos, <strong>Donald Trump y su esposa Melania.<\/strong><\/p>\n\n\n\n<h2 class=\"wp-block-heading\">Demi Lovato<\/h2>\n\n\n\n<p>La lista la encabeza la actriz y cantante <strong>Demi Lovato, <\/strong>quien fue muy honesta al expresar su inconformidad al asistir al evento, esto durante una entrevista que tuvo con la revista <em>Billboard, <\/em>en la que afirm\u00f3 que \u201cla pas\u00e9 p\u00e9simo\u201d. Esto no habr\u00eda sido tomado con buenos ojos de parte de <strong>Wintour, <\/strong>quien definitivamente la tach\u00f3 de la lista de invitados, pues no se le volvi\u00f3 a ver en el prestigioso evento.<\/p>\n\n\n\n<blockquote class=\"wp-block-quote is-layout-flow wp-block-quote-is-layout-flow\"><p>\u201cHab\u00eda una famosa que estaba siendo una total p*rra y<strong> estaba haci\u00e9ndole la vida imposible a todo el mundo a su alrededor. <\/strong>Todo el ambiente era muy de grupitos, recuerdo que me sent\u00ed tan mal que pens\u00e9 en volver a beber\u201d, incluso Demi lleg\u00f3 a afirmar en la publicaci\u00f3n de <em>Billboard <\/em>que se fue directo a una reuni\u00f3n de <strong>Alcoh\u00f3licos Anonimos <\/strong>y se sinti\u00f3 mucho m\u00e1s cercana a las personas sin hogar, que al evento de alta costura.<\/p><\/blockquote>\n\n\n\n<h2 class=\"wp-block-heading\">Zayn Malik<\/h2>\n\n\n\n<p>El cantante <strong>Zayn Malik <\/strong>asisti\u00f3 a la <strong>MET Gala <\/strong>en compa\u00f1\u00eda de su entonces novia <strong>Gigi Hadid <\/strong>en 2016, en ese momento afirm\u00f3 que la gala estuvo \u201caburrida\u201d por lo que prefer\u00eda quedarse en su casa haciendo algo m\u00e1s productivo, en entrevista con la revista <em>GQ <\/em>en 2018.<\/p>\n\n\n\n<p>\u201cEso tan autoindulgente de \u2018Ve\u00e1nme, soy maravilloso\u2019 no es para m\u00ed\u201d, dijo en ese entonces, el ex integrante de la agrupaci\u00f3n <strong>One Direction.<\/strong><\/p>\n\n\n\n<h2 class=\"wp-block-heading\">Donald Trump y su esposa Melania<\/h2>\n\n\n\n<p>En repetidas ocasiones se vio a <strong>Donald Trump <\/strong>asistir a la <strong>Gala del MET <\/strong>en Nueva York, acompa\u00f1ado de su esposa Melania. Sin embargo, cuando el multimillonario decidi\u00f3 lanzarse a la presidencia de los Estados Unidos se conoci\u00f3 que <strong>Anna Wintour <\/strong>decidi\u00f3 hacer campa\u00f1a directa por <strong>Hillary Clinton, <\/strong>por lo que la editora de <em>Vogue <\/em>afirm\u00f3 que no hay nada que se pueda hacer para que la pareja vuelva a recibir una invitaci\u00f3n.<\/p>\n\n\n\n<blockquote class=\"wp-block-quote is-layout-flow wp-block-quote-is-layout-flow\"><p>\u201cTienes que defender aquello en lo que crees, y tienes que tener tu punto de vista\u201d,fue el argumento que entreg\u00f3 <strong>Wintour a una reconocida publicaci\u00f3n.<\/strong><\/p><\/blockquote>\n\n\n\n<h2 class=\"wp-block-heading\">Gwyneth Paltrow<\/h2>\n\n\n\n<p>La actriz fue vista en repetidas ocasiones desfilando en la alfombra roja de la <strong>Met Gala <\/strong>con los mejores vestidos y dise\u00f1os exclusivos; sin embargo, unas declaraciones que dio en el <em>Show de Kylie y Jackie O <\/em>en 2013, la llevaron a no recibir invitaci\u00f3n al a\u00f1o siguiente y no fue hasta 2017 que se le vio nuevamente aparecer con un hermoso vestido en rosa pastel, con escote de un solo hombro.<\/p>\n\n\n\n<blockquote class=\"wp-block-quote is-layout-flow wp-block-quote-is-layout-flow\"><p>\u201cEs espantoso. Piensas que va a ser esta fiesta maravillosa y glamourosa y que vas a ver a toda esta gente famosa. Y llegas y est\u00e1 atascado, hace much\u00edsimo calor, todo el mundo te empuja, creo que ya no estamos en edad de hacer esas cosas\u201d, dijo la actriz en 2013.<\/p><\/blockquote>\n\n\n\n<p>En 2019 fue la \u00faltima vez en que la estrella de Hollywood desfil\u00f3 por la alfombra roja del <strong>MET, <\/strong>por lo que se cree que habr\u00eda perdido el inter\u00e9s.<\/p>\n\n\n\n<h2 class=\"wp-block-heading\">Amy Schumer<\/h2>\n\n\n\n<p><strong>Amy Schumer<\/strong> desat\u00f3 la pol\u00e9mica con sus declaraciones, luego de asistir a su primera <strong>MET Gala en Nueva York, <\/strong>pues todo parece indicar que a la comediante no lo entr\u00f3 en gracia que algunas celebridades, al parecer, fingieran que no estaban sosteniendo una conversaci\u00f3n seria e indic\u00f3 sentirse \u201cinc\u00f3moda con la farsa\u201d en el programa de radio de <strong>Howard Stern.<\/strong><\/p>\n\n\n\n<blockquote class=\"wp-block-quote is-layout-flow wp-block-quote-is-layout-flow\"><p>\u201cNo me gusta la farsa, todos vestidos como una bola de p3nd3j0s.<strong> No me gusta, no tengo ning\u00fan inter\u00e9s en la moda.<\/strong> No me importa\u201d, agreg\u00f3 la humorista.<\/p><\/blockquote>\n\n\n\n<h2 class=\"wp-block-heading\">Kim Kardashian y su s\u00e9quito<\/h2>\n\n\n\n<p>La primera vez que se vio a <strong>Kim Kardashian <\/strong>desfilando por la alfombra roja del Museo Metropolitano de Nueva York, fue en 2013, cuando asisti\u00f3 al evento vestida por la casa <em>Givenchi <\/em>personalizado exclusivamente para ella, pues la socialit\u00e9 estaba en embarazo.<\/p>\n\n\n\n<p>La \u00faltima aparici\u00f3n el clan Kardashian fue en 2022, cuando llev\u00f3 el vestido que utiliz\u00f3 <strong>Marilyn Monroe <\/strong>en el <strong>Madisson Square Garden<\/strong> y cant\u00f3 frente a millones de asistentes <strong>Happy Birthday Mr. President<\/strong>,al mandatario estadoundense <strong>John F. Kennedy.<\/strong><\/p>\n\n\n\n<p>Fuertes rumores apuntan a que la empresaria podr\u00eda haber sido vetada en 2023, por haber llevado sobre su cuerpo una pieza de alta costura hist\u00f3rica. Eso lo confirmaremos durante la gala de este lunes.<\/p>\n\n\n\n<p>Fuente:<a href=\"https:\/\/www.infobae.com\/entretenimiento\/2023\/05\/01\/de-demi-lovato-a-gwyneth-paltrow-quienes-son-los-famosos-que-fueron-vetados-de-la-met-gala\/\" data-type=\"URL\" data-id=\"https:\/\/www.infobae.com\/entretenimiento\/2023\/05\/01\/de-demi-lovato-a-gwyneth-paltrow-quienes-son-los-famosos-que-fueron-vetados-de-la-met-gala\/\"> Infobae<\/a><\/p>\n","protected":false},"excerpt":{"rendered":"<p>Uno de los eventos de moda m\u00e1s esperados por los seguidores del fashionismo es la MET Gala, que se lleva a cabo cada a\u00f1o en el Museo Metropolitano de Nueva York y en el que las celebridades, exponen sus mejores vestidos conforme as\u00ed lo dictamine el c\u00f3digo que se marca para la fecha. En 2023, [&hellip;]<\/p>\n","protected":false},"author":35,"featured_media":76440,"comment_status":"open","ping_status":"open","sticky":false,"template":"","format":"standard","meta":{"_monsterinsights_skip_tracking":false,"_monsterinsights_sitenote_active":false,"_monsterinsights_sitenote_note":"","_monsterinsights_sitenote_category":0,"footnotes":""},"categories":[576],"tags":[6719,6057,24892],"class_list":["post-105172","post","type-post","status-publish","format-standard","has-post-thumbnail","hentry","category-ocio","tag-famosos","tag-met-gala","tag-vetados","wp-image-borders"],"amp_enabled":true,"_links":{"self":[{"href":"https:\/\/nvnoticias.mx\/index.php\/wp-json\/wp\/v2\/posts\/105172","targetHints":{"allow":["GET"]}}],"collection":[{"href":"https:\/\/nvnoticias.mx\/index.php\/wp-json\/wp\/v2\/posts"}],"about":[{"href":"https:\/\/nvnoticias.mx\/index.php\/wp-json\/wp\/v2\/types\/post"}],"author":[{"embeddable":true,"href":"https:\/\/nvnoticias.mx\/index.php\/wp-json\/wp\/v2\/users\/35"}],"replies":[{"embeddable":true,"href":"https:\/\/nvnoticias.mx\/index.php\/wp-json\/wp\/v2\/comments?post=105172"}],"version-history":[{"count":1,"href":"https:\/\/nvnoticias.mx\/index.php\/wp-json\/wp\/v2\/posts\/105172\/revisions"}],"predecessor-version":[{"id":105174,"href":"https:\/\/nvnoticias.mx\/index.php\/wp-json\/wp\/v2\/posts\/105172\/revisions\/105174"}],"wp:featuredmedia":[{"embeddable":true,"href":"https:\/\/nvnoticias.mx\/index.php\/wp-json\/wp\/v2\/media\/76440"}],"wp:attachment":[{"href":"https:\/\/nvnoticias.mx\/index.php\/wp-json\/wp\/v2\/media?parent=105172"}],"wp:term":[{"taxonomy":"category","embeddable":true,"href":"https:\/\/nvnoticias.mx\/index.php\/wp-json\/wp\/v2\/categories?post=105172"},{"taxonomy":"post_tag","embeddable":true,"href":"https:\/\/nvnoticias.mx\/index.php\/wp-json\/wp\/v2\/tags?post=105172"}],"curies":[{"name":"wp","href":"https:\/\/api.w.org\/{rel}","templated":true}]}}