{"id":105153,"date":"2023-05-01T12:49:26","date_gmt":"2023-05-01T17:49:26","guid":{"rendered":"https:\/\/nvnoticias.mx\/?p=105153"},"modified":"2023-05-01T12:49:28","modified_gmt":"2023-05-01T17:49:28","slug":"dice-amlo-que-el-aifa-ya-tiene-muchisima-actividad-y-anuncia-permiso-de-vuelos-hacia-eu","status":"publish","type":"post","link":"https:\/\/nvnoticias.mx\/index.php\/2023\/05\/01\/dice-amlo-que-el-aifa-ya-tiene-muchisima-actividad-y-anuncia-permiso-de-vuelos-hacia-eu\/","title":{"rendered":"Dice AMLO que el AIFA &#8220;ya tiene much\u00edsima actividad\u201d y anuncia permiso de vuelos hacia EU"},"content":{"rendered":"\n<p>El presidente <strong>Andr\u00e9s Manuel L\u00f3pez Obrador <\/strong>anunci\u00f3 que el <strong>Aeropuerto Internacional Felipe \u00c1ngeles<\/strong> (AIFA) obtuvo <strong>permiso <\/strong>para realizar vuelos hacia Estados Unidos.<\/p>\n\n\n\n<blockquote class=\"wp-block-quote is-layout-flow wp-block-quote-is-layout-flow\"><p>\u201c(Hay) buenas noticias, de nuevos vuelos del AIFA. Tambi\u00e9n del permiso para volar a <strong>Estados Unidos<\/strong> que obtuvo el AIFA, y c\u00f3mo se est\u00e1n trasladando los aviones o las l\u00edneas para el transporte de carga hacia el AIFA\u201d, indic\u00f3 L\u00f3pez Obrador en su conferencia ma\u00f1anera de este lunes en Palacio Nacional.<\/p><\/blockquote>\n\n\n\n<p>L\u00f3pez Obrador record\u00f3 que la <strong>l\u00ednea estatal<\/strong>, que ser\u00e1 operada por la Secretar\u00eda de Defensa Nacional (<strong>Sedena<\/strong>), entrar\u00e1 en operaciones este a\u00f1o.<\/p>\n\n\n\n<blockquote class=\"wp-block-quote is-layout-flow wp-block-quote-is-layout-flow\"><p>\u201cSe est\u00e1 por concluir el acuerdo para la adquisici\u00f3n de <a rel=\"noreferrer noopener\" href=\"https:\/\/www.eluniversal.com.mx\/tag\/mexicana-de-aviacion\/\" target=\"_blank\"><strong>Mexicana de Aviaci\u00f3n<\/strong><\/a>, el emblema de Mexicana de Aviaci\u00f3n se est\u00e1 hablando con la empresa Boeing, ellos est\u00e1n ayud\u00e1ndonos, hable con el gerente general de Boeing, para <strong>asegurar los aviones<\/strong>\u201d, coment\u00f3 L\u00f3pez Obrador.<\/p><\/blockquote>\n\n\n\n<p>Fuente: <a href=\"https:\/\/www.eluniversal.com.mx\/nacion\/amlo-dice-que-el-aifa-ya-tiene-muchisima-actividad-y-anuncia-permiso-de-vuelos-hacia-eu\/\" data-type=\"URL\" data-id=\"https:\/\/www.eluniversal.com.mx\/nacion\/amlo-dice-que-el-aifa-ya-tiene-muchisima-actividad-y-anuncia-permiso-de-vuelos-hacia-eu\/\">El Universal<\/a><\/p>\n","protected":false},"excerpt":{"rendered":"<p>El presidente Andr\u00e9s Manuel L\u00f3pez Obrador anunci\u00f3 que el Aeropuerto Internacional Felipe \u00c1ngeles (AIFA) obtuvo permiso para realizar vuelos hacia Estados Unidos. \u201c(Hay) buenas noticias, de nuevos vuelos del AIFA. Tambi\u00e9n del permiso para volar a Estados Unidos que obtuvo el AIFA, y c\u00f3mo se est\u00e1n trasladando los aviones o las l\u00edneas para el transporte [&hellip;]<\/p>\n","protected":false},"author":35,"featured_media":49084,"comment_status":"open","ping_status":"open","sticky":false,"template":"","format":"standard","meta":{"_monsterinsights_skip_tracking":false,"_monsterinsights_sitenote_active":false,"_monsterinsights_sitenote_note":"","_monsterinsights_sitenote_category":0,"footnotes":""},"categories":[157],"tags":[2465,6165,188,183,5261,738],"class_list":["post-105153","post","type-post","status-publish","format-standard","has-post-thumbnail","hentry","category-nacional","tag-actividad","tag-aifa","tag-amlo","tag-estados-unidos","tag-permiso","tag-vuelos","wp-image-borders"],"amp_enabled":true,"_links":{"self":[{"href":"https:\/\/nvnoticias.mx\/index.php\/wp-json\/wp\/v2\/posts\/105153","targetHints":{"allow":["GET"]}}],"collection":[{"href":"https:\/\/nvnoticias.mx\/index.php\/wp-json\/wp\/v2\/posts"}],"about":[{"href":"https:\/\/nvnoticias.mx\/index.php\/wp-json\/wp\/v2\/types\/post"}],"author":[{"embeddable":true,"href":"https:\/\/nvnoticias.mx\/index.php\/wp-json\/wp\/v2\/users\/35"}],"replies":[{"embeddable":true,"href":"https:\/\/nvnoticias.mx\/index.php\/wp-json\/wp\/v2\/comments?post=105153"}],"version-history":[{"count":1,"href":"https:\/\/nvnoticias.mx\/index.php\/wp-json\/wp\/v2\/posts\/105153\/revisions"}],"predecessor-version":[{"id":105154,"href":"https:\/\/nvnoticias.mx\/index.php\/wp-json\/wp\/v2\/posts\/105153\/revisions\/105154"}],"wp:featuredmedia":[{"embeddable":true,"href":"https:\/\/nvnoticias.mx\/index.php\/wp-json\/wp\/v2\/media\/49084"}],"wp:attachment":[{"href":"https:\/\/nvnoticias.mx\/index.php\/wp-json\/wp\/v2\/media?parent=105153"}],"wp:term":[{"taxonomy":"category","embeddable":true,"href":"https:\/\/nvnoticias.mx\/index.php\/wp-json\/wp\/v2\/categories?post=105153"},{"taxonomy":"post_tag","embeddable":true,"href":"https:\/\/nvnoticias.mx\/index.php\/wp-json\/wp\/v2\/tags?post=105153"}],"curies":[{"name":"wp","href":"https:\/\/api.w.org\/{rel}","templated":true}]}}