{"id":105065,"date":"2023-05-01T10:12:52","date_gmt":"2023-05-01T15:12:52","guid":{"rendered":"https:\/\/nvnoticias.mx\/?p=105065"},"modified":"2023-05-01T10:12:54","modified_gmt":"2023-05-01T15:12:54","slug":"niega-presidente-del-senado-alteracion-de-quorum-en-votacion-fast-track","status":"publish","type":"post","link":"https:\/\/nvnoticias.mx\/index.php\/2023\/05\/01\/niega-presidente-del-senado-alteracion-de-quorum-en-votacion-fast-track\/","title":{"rendered":"Niega presidente del Senado alteraci\u00f3n de qu\u00f3rum en votaci\u00f3n fast track"},"content":{"rendered":"\n<p>El Presidente de la Mesa Directiva,\u00a0<strong>Alejandro Armenta Mier<\/strong>, sali\u00f3 a aclarar los se\u00f1alamientos por\u00a0la falta de qu\u00f3rum\u00a0en la inusual sesi\u00f3n donde senadores afines a la autodenominada Cuarta Transformaci\u00f3n (<strong>4T<\/strong>) aprobaron una veintena de leyes v\u00eda\u00a0<em>fast track.<\/em><\/p>\n\n\n\n<p>El senador por Movimiento Regeneraci\u00f3n Nacional (<strong>Morena<\/strong>)\u00a0<strong>rechaz\u00f3<\/strong>\u00a0que las discusiones del pasado 29 y 30 de abril se llevaran a cabo fuera de la legalidad, pese a \u201clas limitaciones materiales\u201d que implic\u00f3 la realizaci\u00f3n de la sesi\u00f3n en la antigua sede alterna en\u00a0<strong>Xicot\u00e9ncatl<\/strong>\u00a0y no en el\u00a0Pleno de la C\u00e1mara Alta: \u201cSiempre se cont\u00f3 con el apoyo del personal y de los recursos materiales\u201d, se destac\u00f3 en una tarjeta de opini\u00f3n.<\/p>\n\n\n\n<blockquote class=\"wp-block-quote is-layout-flow wp-block-quote-is-layout-flow\"><p>\u201cLas limitaciones del espacio adaptado para llevar a cabo la sesi\u00f3n implicaron deficiencias en la calidad del sonido de las transmisiones y dificultades t\u00e9cnicas, todo lo cual fue atendido en la medida de lo posible\u201d.<\/p><\/blockquote>\n\n\n\n<p>Bajo ese sentido, el comunicado atribuy\u00f3 a\u00a0<strong>las<\/strong>\u00a0<strong>dificultades t\u00e9cnicas de sonido<\/strong>\u00a0el supuesto malentendido en el resultado de la votaci\u00f3n que la Secretaria de la Mesa Directiva,\u00a0<strong>Ver\u00f3nica Camino Farjat<\/strong>, vocifer\u00f3 para la \u201cLey General en Materia de Humanidades, Ciencias, Tecnolog\u00edas e Innovaci\u00f3n\u201d.<\/p>\n\n\n\n<blockquote class=\"wp-block-quote is-layout-flow wp-block-quote-is-layout-flow\"><p>\u201cSi bien hay una deficiencia del sonido que podr\u00eda provoca confusi\u00f3n y escucharse \u2018dos\u2019 en lugar de \u2018doce\u2019, se confirma en los registros en el sentido de las doce votaciones en los registros\u201d, se\u00f1al\u00f3 el documento en referencia al resultado de 48 votos a favor, 12 en contra y 6 abstenciones &#8211; seg\u00fan lo dicho por la senadora &#8211; que aprob\u00f3 la modificaci\u00f3n del Consejo Nacional de Ciencia y Tecnolog\u00eda\u00a0(<strong>Conacyt<\/strong>).<\/p><\/blockquote>\n\n\n\n<p>Respecto al proyecto para la extinci\u00f3n de la \u201cFinanciera Nacional de Desarrollo Agropecuario, Rural, Forestal y Pesquero\u201d, el texto \u00fanicamente desglos\u00f3 los nombres de las y los legisladores que votaron en contra o en abstenci\u00f3n del dictamen legislativo.<\/p>\n\n\n\n<p>Fuente: <a href=\"https:\/\/www.infobae.com\/mexico\/2023\/05\/01\/presidente-del-senado-nego-alteracion-de-quorum-en-votacion-fast-track-hubo-limitaciones-tecnicas\/\" data-type=\"URL\" data-id=\"https:\/\/www.infobae.com\/mexico\/2023\/05\/01\/presidente-del-senado-nego-alteracion-de-quorum-en-votacion-fast-track-hubo-limitaciones-tecnicas\/\">Infobae<\/a><\/p>\n","protected":false},"excerpt":{"rendered":"<p>El Presidente de la Mesa Directiva,\u00a0Alejandro Armenta Mier, sali\u00f3 a aclarar los se\u00f1alamientos por\u00a0la falta de qu\u00f3rum\u00a0en la inusual sesi\u00f3n donde senadores afines a la autodenominada Cuarta Transformaci\u00f3n (4T) aprobaron una veintena de leyes v\u00eda\u00a0fast track. El senador por Movimiento Regeneraci\u00f3n Nacional (Morena)\u00a0rechaz\u00f3\u00a0que las discusiones del pasado 29 y 30 de abril se llevaran a [&hellip;]<\/p>\n","protected":false},"author":35,"featured_media":95395,"comment_status":"open","ping_status":"open","sticky":false,"template":"","format":"standard","meta":{"_monsterinsights_skip_tracking":false,"_monsterinsights_sitenote_active":false,"_monsterinsights_sitenote_note":"","_monsterinsights_sitenote_category":0,"footnotes":""},"categories":[158],"tags":[2658,7927,162,411,369],"class_list":["post-105065","post","type-post","status-publish","format-standard","has-post-thumbnail","hentry","category-politica","tag-fast-track","tag-niega","tag-portada","tag-presidente","tag-senado","wp-image-borders"],"amp_enabled":true,"_links":{"self":[{"href":"https:\/\/nvnoticias.mx\/index.php\/wp-json\/wp\/v2\/posts\/105065","targetHints":{"allow":["GET"]}}],"collection":[{"href":"https:\/\/nvnoticias.mx\/index.php\/wp-json\/wp\/v2\/posts"}],"about":[{"href":"https:\/\/nvnoticias.mx\/index.php\/wp-json\/wp\/v2\/types\/post"}],"author":[{"embeddable":true,"href":"https:\/\/nvnoticias.mx\/index.php\/wp-json\/wp\/v2\/users\/35"}],"replies":[{"embeddable":true,"href":"https:\/\/nvnoticias.mx\/index.php\/wp-json\/wp\/v2\/comments?post=105065"}],"version-history":[{"count":5,"href":"https:\/\/nvnoticias.mx\/index.php\/wp-json\/wp\/v2\/posts\/105065\/revisions"}],"predecessor-version":[{"id":105070,"href":"https:\/\/nvnoticias.mx\/index.php\/wp-json\/wp\/v2\/posts\/105065\/revisions\/105070"}],"wp:featuredmedia":[{"embeddable":true,"href":"https:\/\/nvnoticias.mx\/index.php\/wp-json\/wp\/v2\/media\/95395"}],"wp:attachment":[{"href":"https:\/\/nvnoticias.mx\/index.php\/wp-json\/wp\/v2\/media?parent=105065"}],"wp:term":[{"taxonomy":"category","embeddable":true,"href":"https:\/\/nvnoticias.mx\/index.php\/wp-json\/wp\/v2\/categories?post=105065"},{"taxonomy":"post_tag","embeddable":true,"href":"https:\/\/nvnoticias.mx\/index.php\/wp-json\/wp\/v2\/tags?post=105065"}],"curies":[{"name":"wp","href":"https:\/\/api.w.org\/{rel}","templated":true}]}}