{"id":105052,"date":"2023-04-30T17:44:30","date_gmt":"2023-04-30T22:44:30","guid":{"rendered":"https:\/\/nvnoticias.mx\/?p=105052"},"modified":"2023-04-30T17:44:31","modified_gmt":"2023-04-30T22:44:31","slug":"piden-justicia-por-maria-luisa-quien-perdio-la-vida-cuando-viajaba-en-su-moto","status":"publish","type":"post","link":"https:\/\/nvnoticias.mx\/index.php\/2023\/04\/30\/piden-justicia-por-maria-luisa-quien-perdio-la-vida-cuando-viajaba-en-su-moto\/","title":{"rendered":"Piden justicia por Mar\u00eda Luisa, quien perdi\u00f3 la vida cuando viajaba en su moto"},"content":{"rendered":"\n<p><strong>Jes\u00fas Utrilla | NV Noticias<\/strong><\/p>\n\n\n\n<p>Familiares y amigos de la joven Mar\u00eda Luisa D. C., quien perdiera la vida tras ser impactada por un automovilista en presunto estado de ebriedad, se manifestaron para pedir el apoyo del Secretario de Relaciones Exteriores de M\u00e9xico, Marcelo Ebrard para que haya justicia por la v\u00edctima.<\/p>\n\n\n\n<p>Los familiares manifestantes dijeron que el caso se ha manejado presuntamente con irregulares pues indicaron que responsable del accidente fue puesto en libertad la misma noche del accidente. Lo anterior luego de pagar una fianza, adem\u00e1s de que denunciaron que la aseguradora tampoco ha querido responsabilizarse de los gastos.<\/p>\n\n\n\n<blockquote class=\"wp-block-quote is-layout-flow wp-block-quote-is-layout-flow\"><p>\u201cEstamos aqu\u00ed para solicitarle al canciller su apoyo en el caso de mi sobrina, pues no hemos tenido respuesta alguna ni de la fiscal\u00eda ni de la aseguradora. Ella ya no va a regresar, quedaron 3 menores que ahora les hace falta su mam\u00e1 hoy es d\u00eda del ni\u00f1o y ella ha no puede estar con sus hijos\u201d.<\/p><\/blockquote>\n\n\n\n<p>Recordaron que la hoy occiso dejo tres menores y su esposo se encuentra delicado.<\/p>\n\n\n\n<blockquote class=\"wp-block-quote is-layout-flow wp-block-quote-is-layout-flow\"><p>&#8220;Estoy segura de que se vendieron porque pusieron que el se\u00f1or no iba en estado de ebriedad y hay pruebas en contra de \u00e9l de que el se\u00f1or si iba en estado de ebriedad. Como familia pedimos apoyo porque ya tenemos una semana y no hay soluci\u00f3n\u201d.<\/p><\/blockquote>\n","protected":false},"excerpt":{"rendered":"<p>Jes\u00fas Utrilla | NV Noticias Familiares y amigos de la joven Mar\u00eda Luisa D. C., quien perdiera la vida tras ser impactada por un automovilista en presunto estado de ebriedad, se manifestaron para pedir el apoyo del Secretario de Relaciones Exteriores de M\u00e9xico, Marcelo Ebrard para que haya justicia por la v\u00edctima. Los familiares manifestantes [&hellip;]<\/p>\n","protected":false},"author":6,"featured_media":105053,"comment_status":"open","ping_status":"open","sticky":false,"template":"","format":"standard","meta":{"_monsterinsights_skip_tracking":false,"_monsterinsights_sitenote_active":false,"_monsterinsights_sitenote_note":"","_monsterinsights_sitenote_category":0,"footnotes":""},"categories":[154],"tags":[503,180],"class_list":["post-105052","post","type-post","status-publish","format-standard","has-post-thumbnail","hentry","category-veracruz","tag-manifestacion","tag-veracruz","wp-image-borders"],"amp_enabled":true,"_links":{"self":[{"href":"https:\/\/nvnoticias.mx\/index.php\/wp-json\/wp\/v2\/posts\/105052","targetHints":{"allow":["GET"]}}],"collection":[{"href":"https:\/\/nvnoticias.mx\/index.php\/wp-json\/wp\/v2\/posts"}],"about":[{"href":"https:\/\/nvnoticias.mx\/index.php\/wp-json\/wp\/v2\/types\/post"}],"author":[{"embeddable":true,"href":"https:\/\/nvnoticias.mx\/index.php\/wp-json\/wp\/v2\/users\/6"}],"replies":[{"embeddable":true,"href":"https:\/\/nvnoticias.mx\/index.php\/wp-json\/wp\/v2\/comments?post=105052"}],"version-history":[{"count":1,"href":"https:\/\/nvnoticias.mx\/index.php\/wp-json\/wp\/v2\/posts\/105052\/revisions"}],"predecessor-version":[{"id":105054,"href":"https:\/\/nvnoticias.mx\/index.php\/wp-json\/wp\/v2\/posts\/105052\/revisions\/105054"}],"wp:featuredmedia":[{"embeddable":true,"href":"https:\/\/nvnoticias.mx\/index.php\/wp-json\/wp\/v2\/media\/105053"}],"wp:attachment":[{"href":"https:\/\/nvnoticias.mx\/index.php\/wp-json\/wp\/v2\/media?parent=105052"}],"wp:term":[{"taxonomy":"category","embeddable":true,"href":"https:\/\/nvnoticias.mx\/index.php\/wp-json\/wp\/v2\/categories?post=105052"},{"taxonomy":"post_tag","embeddable":true,"href":"https:\/\/nvnoticias.mx\/index.php\/wp-json\/wp\/v2\/tags?post=105052"}],"curies":[{"name":"wp","href":"https:\/\/api.w.org\/{rel}","templated":true}]}}