{"id":105049,"date":"2023-04-30T17:41:55","date_gmt":"2023-04-30T22:41:55","guid":{"rendered":"https:\/\/nvnoticias.mx\/?p=105049"},"modified":"2023-04-30T17:41:57","modified_gmt":"2023-04-30T22:41:57","slug":"se-conformara-la-coordinacion-nacional-contra-el-fentanilo-y-las-armas","status":"publish","type":"post","link":"https:\/\/nvnoticias.mx\/index.php\/2023\/04\/30\/se-conformara-la-coordinacion-nacional-contra-el-fentanilo-y-las-armas\/","title":{"rendered":"Se conformar\u00e1 la coordinaci\u00f3n nacional contra el fentanilo y las armas"},"content":{"rendered":"\n<p><strong>Jes\u00fas Utrilla | NV Noticias<\/strong><\/p>\n\n\n\n<p>M\u00e9xico crear\u00e1 una coordinaci\u00f3n nacional contra el fentanilo y las armas se\u00f1al\u00f3 el secretario de Relaciones Exteriores de M\u00e9xico, Marcelo Ebrard.<\/p>\n\n\n\n<p>Dijo que no nieva la existencia de un problema pero no se vale que siempre M\u00e9xico es el de la culpa.<\/p>\n\n\n\n<blockquote class=\"wp-block-quote is-layout-flow wp-block-quote-is-layout-flow\"><p>&#8220;Fuimos a la casa blanca y se lleg\u00f3 a un acuerdo de 10 acciones que van desde primero, homologar de qu\u00e9 estamos hablando porque el presidente est\u00e1 hablando del fentanilo seg\u00fan el m\u00e9todo Janssen y los senadores est\u00e1n hablando de metanfetaminas mezcladas con sales derivadas del fentanilo, son diferentes sustancias\u201d.<\/p><\/blockquote>\n\n\n\n<p>Se va a crear una coordinaci\u00f3n nacional contra el fentanilo y las armas. Consider\u00f3 que pronto se dar\u00e1 a conocer qui\u00e9n lo encabezar\u00e1 pues dijo, depende de la Secretar\u00eda de Seguridad. Posteriormente tendr\u00e1n la obligaci\u00f3n de informar semanalmente qu\u00e9 cosas se logr\u00f3.<\/p>\n\n\n\n<p>Marcelo Ebrard, propuso por otro lado que adem\u00e1s de la encuesta su partido realice un debate p\u00fablico entre los candidatos que se postulan en Morena para competir en las elecciones presidenciales de 2024.<\/p>\n\n\n\n<p>En su visita a Veracruz donde realizo la presentaci\u00f3n de su libro \u201cEl Camino de M\u00e9xico\u201d Un recorrido al futuro de nuestro pa\u00eds, el canciller se pronuncia adem\u00e1s porque Morena defina las fechas para la encuesta y la separaci\u00f3n de los aspirantes a sus cargos p\u00fablicos.<\/p>\n\n\n\n<p>De hecho en recientes d\u00edas ya envi\u00f3 una carta al presidente de Morena, Mario Moreno para solicitarle las fechas del proceso.<\/p>\n","protected":false},"excerpt":{"rendered":"<p>Jes\u00fas Utrilla | NV Noticias M\u00e9xico crear\u00e1 una coordinaci\u00f3n nacional contra el fentanilo y las armas se\u00f1al\u00f3 el secretario de Relaciones Exteriores de M\u00e9xico, Marcelo Ebrard. Dijo que no nieva la existencia de un problema pero no se vale que siempre M\u00e9xico es el de la culpa. &#8220;Fuimos a la casa blanca y se lleg\u00f3 [&hellip;]<\/p>\n","protected":false},"author":6,"featured_media":105050,"comment_status":"open","ping_status":"open","sticky":false,"template":"","format":"standard","meta":{"_monsterinsights_skip_tracking":false,"_monsterinsights_sitenote_active":false,"_monsterinsights_sitenote_note":"","_monsterinsights_sitenote_category":0,"footnotes":""},"categories":[154],"tags":[7270,391,162],"class_list":["post-105049","post","type-post","status-publish","format-standard","has-post-thumbnail","hentry","category-veracruz","tag-fentanilo","tag-marcelo-ebrard","tag-portada","wp-image-borders"],"amp_enabled":true,"_links":{"self":[{"href":"https:\/\/nvnoticias.mx\/index.php\/wp-json\/wp\/v2\/posts\/105049","targetHints":{"allow":["GET"]}}],"collection":[{"href":"https:\/\/nvnoticias.mx\/index.php\/wp-json\/wp\/v2\/posts"}],"about":[{"href":"https:\/\/nvnoticias.mx\/index.php\/wp-json\/wp\/v2\/types\/post"}],"author":[{"embeddable":true,"href":"https:\/\/nvnoticias.mx\/index.php\/wp-json\/wp\/v2\/users\/6"}],"replies":[{"embeddable":true,"href":"https:\/\/nvnoticias.mx\/index.php\/wp-json\/wp\/v2\/comments?post=105049"}],"version-history":[{"count":1,"href":"https:\/\/nvnoticias.mx\/index.php\/wp-json\/wp\/v2\/posts\/105049\/revisions"}],"predecessor-version":[{"id":105051,"href":"https:\/\/nvnoticias.mx\/index.php\/wp-json\/wp\/v2\/posts\/105049\/revisions\/105051"}],"wp:featuredmedia":[{"embeddable":true,"href":"https:\/\/nvnoticias.mx\/index.php\/wp-json\/wp\/v2\/media\/105050"}],"wp:attachment":[{"href":"https:\/\/nvnoticias.mx\/index.php\/wp-json\/wp\/v2\/media?parent=105049"}],"wp:term":[{"taxonomy":"category","embeddable":true,"href":"https:\/\/nvnoticias.mx\/index.php\/wp-json\/wp\/v2\/categories?post=105049"},{"taxonomy":"post_tag","embeddable":true,"href":"https:\/\/nvnoticias.mx\/index.php\/wp-json\/wp\/v2\/tags?post=105049"}],"curies":[{"name":"wp","href":"https:\/\/api.w.org\/{rel}","templated":true}]}}