{"id":104960,"date":"2023-04-29T15:53:25","date_gmt":"2023-04-29T20:53:25","guid":{"rendered":"https:\/\/nvnoticias.mx\/?p=104960"},"modified":"2023-04-29T15:53:26","modified_gmt":"2023-04-29T20:53:26","slug":"instala-senado-la-comision-permanente-del-congreso-de-la-union","status":"publish","type":"post","link":"https:\/\/nvnoticias.mx\/index.php\/2023\/04\/29\/instala-senado-la-comision-permanente-del-congreso-de-la-union\/","title":{"rendered":"Instala Senado la Comisi\u00f3n Permanente del Congreso de la Uni\u00f3n"},"content":{"rendered":"\n<p>En el<strong>&nbsp;Senado&nbsp;<\/strong>de la Rep\u00fablica se<strong>&nbsp;instal\u00f3 la Comisi\u00f3n Permanente del Congreso de la Uni\u00f3n<\/strong>, para el Segundo Receso del Segundo A\u00f1o de Ejercicio de la LXV Legislatura.<\/p>\n\n\n\n<p>Para este este periodo la Comisi\u00f3n Permanente estar\u00e1 presidida por el senador\u00a0<strong>Alejandro Armenta Mier\u00a0<\/strong>(Morena).<\/p>\n\n\n\n<p>Tras tomar posesi\u00f3n como presidente, el senador Alejandro Mier hizo la declaratoria formal de instalaci\u00f3n de la Comisi\u00f3n Permanente.<\/p>\n\n\n\n<p>Los\u00a0<strong>33 legisladores que integran la Permanente<\/strong>, en votaci\u00f3n por c\u00e9dula, eligieron como vicepresidentes a los diputados Santiago Creel (PAN), la diputada Ana Lilia Rivera (Morena) y el diputado Sergio Guti\u00e9rrez Luna (Morena).<\/p>\n\n\n\n<p>Mientras que los secretarios de la Comisi\u00f3n Permanente estar\u00e1n en encabezadas por la diputada Olimpia Tamara (Morena); el senador Ismael Garc\u00eda Cabeza de Vaca (PAN); el senador Mario Zamora (PVEM); la senadora Mar\u00eda Graciela Gait\u00e1n (PVEM), el senador No\u00e9 Casta\u00f1\u00f3n (MC) y el diputado Reginaldo Sandoval (PT).<\/p>\n\n\n\n<p>El presidente de la Permanente Alejandro Armenta cit\u00f3 a los diputados y senadores para su<strong>\u00a0primera sesi\u00f3n el 3 de mayo a las 11:00 horas.<\/strong><\/p>\n\n\n\n<p>Fuente: <a href=\"https:\/\/www.eluniversal.com.mx\/nacion\/senado-instala-la-comision-permanente-del-congreso-de-la-union\/\" data-type=\"URL\" data-id=\"https:\/\/www.eluniversal.com.mx\/nacion\/senado-instala-la-comision-permanente-del-congreso-de-la-union\/\">El Financiero<\/a> <\/p>\n","protected":false},"excerpt":{"rendered":"<p>En el&nbsp;Senado&nbsp;de la Rep\u00fablica se&nbsp;instal\u00f3 la Comisi\u00f3n Permanente del Congreso de la Uni\u00f3n, para el Segundo Receso del Segundo A\u00f1o de Ejercicio de la LXV Legislatura. Para este este periodo la Comisi\u00f3n Permanente estar\u00e1 presidida por el senador\u00a0Alejandro Armenta Mier\u00a0(Morena). Tras tomar posesi\u00f3n como presidente, el senador Alejandro Mier hizo la declaratoria formal de instalaci\u00f3n [&hellip;]<\/p>\n","protected":false},"author":35,"featured_media":104962,"comment_status":"open","ping_status":"open","sticky":false,"template":"","format":"standard","meta":{"_monsterinsights_skip_tracking":false,"_monsterinsights_sitenote_active":false,"_monsterinsights_sitenote_note":"","_monsterinsights_sitenote_category":0,"footnotes":""},"categories":[158],"tags":[4995,348,12515,369,24870],"class_list":["post-104960","post","type-post","status-publish","format-standard","has-post-thumbnail","hentry","category-politica","tag-comision-permanente","tag-congreso","tag-instala","tag-senado","tag-union","wp-image-borders"],"amp_enabled":true,"_links":{"self":[{"href":"https:\/\/nvnoticias.mx\/index.php\/wp-json\/wp\/v2\/posts\/104960","targetHints":{"allow":["GET"]}}],"collection":[{"href":"https:\/\/nvnoticias.mx\/index.php\/wp-json\/wp\/v2\/posts"}],"about":[{"href":"https:\/\/nvnoticias.mx\/index.php\/wp-json\/wp\/v2\/types\/post"}],"author":[{"embeddable":true,"href":"https:\/\/nvnoticias.mx\/index.php\/wp-json\/wp\/v2\/users\/35"}],"replies":[{"embeddable":true,"href":"https:\/\/nvnoticias.mx\/index.php\/wp-json\/wp\/v2\/comments?post=104960"}],"version-history":[{"count":3,"href":"https:\/\/nvnoticias.mx\/index.php\/wp-json\/wp\/v2\/posts\/104960\/revisions"}],"predecessor-version":[{"id":104964,"href":"https:\/\/nvnoticias.mx\/index.php\/wp-json\/wp\/v2\/posts\/104960\/revisions\/104964"}],"wp:featuredmedia":[{"embeddable":true,"href":"https:\/\/nvnoticias.mx\/index.php\/wp-json\/wp\/v2\/media\/104962"}],"wp:attachment":[{"href":"https:\/\/nvnoticias.mx\/index.php\/wp-json\/wp\/v2\/media?parent=104960"}],"wp:term":[{"taxonomy":"category","embeddable":true,"href":"https:\/\/nvnoticias.mx\/index.php\/wp-json\/wp\/v2\/categories?post=104960"},{"taxonomy":"post_tag","embeddable":true,"href":"https:\/\/nvnoticias.mx\/index.php\/wp-json\/wp\/v2\/tags?post=104960"}],"curies":[{"name":"wp","href":"https:\/\/api.w.org\/{rel}","templated":true}]}}