{"id":104956,"date":"2023-04-29T15:36:49","date_gmt":"2023-04-29T20:36:49","guid":{"rendered":"https:\/\/nvnoticias.mx\/?p=104956"},"modified":"2023-04-29T15:36:51","modified_gmt":"2023-04-29T20:36:51","slug":"logra-eu-evacuar-por-primera-vez-a-sus-ciudadanos-de-la-guerra-en-sudan","status":"publish","type":"post","link":"https:\/\/nvnoticias.mx\/index.php\/2023\/04\/29\/logra-eu-evacuar-por-primera-vez-a-sus-ciudadanos-de-la-guerra-en-sudan\/","title":{"rendered":"Logra EU evacuar por primera vez a sus ciudadanos de la guerra en Sud\u00e1n"},"content":{"rendered":"\n<p>Estados Unidos consigui\u00f3 evacuar con \u00e9xito de&nbsp;<strong>Jartum&nbsp;<\/strong>a cientos de sus ciudadanos que ya se encuentran a salvo en Puerto Sud\u00e1n, a orillas del mar Rojo, y est\u00e1n esperando a ser trasladados a Arabia Saud\u00ed, en la primera operaci\u00f3n de este tipo que realiza ese pa\u00eds desde que comenz\u00f3 la&nbsp;<strong>guerra en Sud\u00e1n<\/strong>.<\/p>\n\n\n\n<p>El traslado desde Jartum a Puerto Sud\u00e1n se realiz\u00f3 de manera terrestre con un convoy protegido por grandes medidas de seguridad, inform\u00f3 este s\u00e1bado el&nbsp;<strong>Departamento de Estado de EU<\/strong>&nbsp;en un comunicado.<\/p>\n\n\n\n<p>El convoy lleg\u00f3 este s\u00e1bado a&nbsp;<strong>Puerto Sud\u00e1n<\/strong>, que se ha convertido en el principal punto de salida de Sud\u00e1n, y desde donde los estadounidenses est\u00e1n siendo trasladados a la ciudad portuaria de Yeda, en Arabia Saud\u00ed, y donde han llegado 5 mil personas de 96 nacionalidades diferentes desde que estall\u00f3 el conflicto.<\/p>\n\n\n\n<p>Estados Unidos evacu\u00f3 no solo a ciudadanos estadounidenses, sino tambi\u00e9n a nacionales de pa\u00edses aliados y sudaneses que han trabajado con la Embajada estadounidense en el pa\u00eds, detall\u00f3 el Departamento de Estado.<\/p>\n\n\n\n<p>Fuente: <a href=\"https:\/\/www.eluniversal.com.mx\/mundo\/sudan-eu-logra-evacuar-por-primera-vez-a-sus-ciudadanos-de-la-guerra\/\" data-type=\"URL\" data-id=\"https:\/\/www.eluniversal.com.mx\/mundo\/sudan-eu-logra-evacuar-por-primera-vez-a-sus-ciudadanos-de-la-guerra\/\">El Universal<\/a> <\/p>\n","protected":false},"excerpt":{"rendered":"<p>Estados Unidos consigui\u00f3 evacuar con \u00e9xito de&nbsp;Jartum&nbsp;a cientos de sus ciudadanos que ya se encuentran a salvo en Puerto Sud\u00e1n, a orillas del mar Rojo, y est\u00e1n esperando a ser trasladados a Arabia Saud\u00ed, en la primera operaci\u00f3n de este tipo que realiza ese pa\u00eds desde que comenz\u00f3 la&nbsp;guerra en Sud\u00e1n. El traslado desde Jartum [&hellip;]<\/p>\n","protected":false},"author":35,"featured_media":35194,"comment_status":"open","ping_status":"open","sticky":false,"template":"","format":"standard","meta":{"_monsterinsights_skip_tracking":false,"_monsterinsights_sitenote_active":false,"_monsterinsights_sitenote_note":"","_monsterinsights_sitenote_category":0,"footnotes":""},"categories":[181],"tags":[2989,183,187,8269],"class_list":["post-104956","post","type-post","status-publish","format-standard","has-post-thumbnail","hentry","category-internacional","tag-ciudadanos","tag-estados-unidos","tag-guerra","tag-sudan","wp-image-borders"],"amp_enabled":true,"_links":{"self":[{"href":"https:\/\/nvnoticias.mx\/index.php\/wp-json\/wp\/v2\/posts\/104956","targetHints":{"allow":["GET"]}}],"collection":[{"href":"https:\/\/nvnoticias.mx\/index.php\/wp-json\/wp\/v2\/posts"}],"about":[{"href":"https:\/\/nvnoticias.mx\/index.php\/wp-json\/wp\/v2\/types\/post"}],"author":[{"embeddable":true,"href":"https:\/\/nvnoticias.mx\/index.php\/wp-json\/wp\/v2\/users\/35"}],"replies":[{"embeddable":true,"href":"https:\/\/nvnoticias.mx\/index.php\/wp-json\/wp\/v2\/comments?post=104956"}],"version-history":[{"count":3,"href":"https:\/\/nvnoticias.mx\/index.php\/wp-json\/wp\/v2\/posts\/104956\/revisions"}],"predecessor-version":[{"id":104959,"href":"https:\/\/nvnoticias.mx\/index.php\/wp-json\/wp\/v2\/posts\/104956\/revisions\/104959"}],"wp:featuredmedia":[{"embeddable":true,"href":"https:\/\/nvnoticias.mx\/index.php\/wp-json\/wp\/v2\/media\/35194"}],"wp:attachment":[{"href":"https:\/\/nvnoticias.mx\/index.php\/wp-json\/wp\/v2\/media?parent=104956"}],"wp:term":[{"taxonomy":"category","embeddable":true,"href":"https:\/\/nvnoticias.mx\/index.php\/wp-json\/wp\/v2\/categories?post=104956"},{"taxonomy":"post_tag","embeddable":true,"href":"https:\/\/nvnoticias.mx\/index.php\/wp-json\/wp\/v2\/tags?post=104956"}],"curies":[{"name":"wp","href":"https:\/\/api.w.org\/{rel}","templated":true}]}}