{"id":104875,"date":"2023-04-28T14:50:15","date_gmt":"2023-04-28T19:50:15","guid":{"rendered":"https:\/\/nvnoticias.mx\/?p=104875"},"modified":"2023-04-28T14:50:16","modified_gmt":"2023-04-28T19:50:16","slug":"arriba-a-veracruz-la-camioneta-de-la-progre-para-recibir-a-marcelo-ebrard-y-sumar-simpatizantes","status":"publish","type":"post","link":"https:\/\/nvnoticias.mx\/index.php\/2023\/04\/28\/arriba-a-veracruz-la-camioneta-de-la-progre-para-recibir-a-marcelo-ebrard-y-sumar-simpatizantes\/","title":{"rendered":"Arriba a Veracruz la camioneta de La Progre para recibir a Marcelo Ebrard y sumar simpatizantes"},"content":{"rendered":"\n<p><strong>Jes\u00fas Utrilla \/ NV Noticias <\/strong><\/p>\n\n\n\n<p>Integrantes de la agrupaci\u00f3n Progre arribaron a Veracruz recibir a Marcelo Ebrard este fin de semana.<\/p>\n\n\n\n<p>Hector Ochoa Moreno, de dicha agrupaci\u00f3n que impulsa la candidatura del secretario de Relaciones Exteriores por Morena para la Presidencia de la Rep\u00fablica, dijo que la camioneta viene de la Ciudad de M\u00e9xico y estar\u00e1 recogiendo las inquietudes ciudadanas para hacerlas llegar al canciller, mismo que consideran la mejor opci\u00f3n para las elecciones de 2024.<\/p>\n\n\n\n<p>A la vez buscar\u00e1n sumar personas al movimiento ya que a su parecer Marcelo Ebrard es el mejor perfil para participar en las elecciones.<\/p>\n\n\n\n<blockquote class=\"wp-block-quote is-layout-flow wp-block-quote-is-layout-flow\"><p>\u201c<em>La agrupaci\u00f3n Progre es una expresi\u00f3n ciudadana que buscan a los ciudadanos libres que se sienten atra\u00eddos por el perfil del canciller Marcelo Ebrard, para que se unan. Traemos un movimiento nacional. Vamos a todos los estados y es nuestro debut en Veracruz\u201d<\/em>. <\/p><\/blockquote>\n\n\n\n<p>El movimiento se encuentra integrado por ciudadanos, diputados y otros funcionarios que consideran que Marcelo Ebrard es la mejor opci\u00f3n para contender por Morena y conservar en 2024 la Presidencia de la Rep\u00fablica. <\/p>\n\n\n\n<blockquote class=\"wp-block-quote is-layout-flow wp-block-quote-is-layout-flow\"><p>\u201c<em>Es una expresi\u00f3n personal, es una expresi\u00f3n ciudadana que apoya de manera desinteresada y deslindada del tema electoral al canciller Ebrard. Estamos haciendo invitaciones y la gente se nos est\u00e1 acercado<\/em>\u201d. <\/p><\/blockquote>\n\n\n\n<p>Afirm\u00f3 que en su visita a Veracruz muchos manifestaron la intenci\u00f3n de adherirse a los objetivos de la agrupaci\u00f3n. <\/p>\n\n\n\n<p>La camioneta estuvo el Viernes en la zona del malec\u00f3n de Veracruz. <\/p>\n","protected":false},"excerpt":{"rendered":"<p>Jes\u00fas Utrilla \/ NV Noticias Integrantes de la agrupaci\u00f3n Progre arribaron a Veracruz recibir a Marcelo Ebrard este fin de semana. Hector Ochoa Moreno, de dicha agrupaci\u00f3n que impulsa la candidatura del secretario de Relaciones Exteriores por Morena para la Presidencia de la Rep\u00fablica, dijo que la camioneta viene de la Ciudad de M\u00e9xico y [&hellip;]<\/p>\n","protected":false},"author":8,"featured_media":104876,"comment_status":"open","ping_status":"open","sticky":false,"template":"","format":"standard","meta":{"_monsterinsights_skip_tracking":false,"_monsterinsights_sitenote_active":false,"_monsterinsights_sitenote_note":"","_monsterinsights_sitenote_category":0,"footnotes":""},"categories":[154],"tags":[24857,391,1380],"class_list":["post-104875","post","type-post","status-publish","format-standard","has-post-thumbnail","hentry","category-veracruz","tag-la-progre","tag-marcelo-ebrard","tag-simpatizantes","wp-image-borders"],"amp_enabled":true,"_links":{"self":[{"href":"https:\/\/nvnoticias.mx\/index.php\/wp-json\/wp\/v2\/posts\/104875","targetHints":{"allow":["GET"]}}],"collection":[{"href":"https:\/\/nvnoticias.mx\/index.php\/wp-json\/wp\/v2\/posts"}],"about":[{"href":"https:\/\/nvnoticias.mx\/index.php\/wp-json\/wp\/v2\/types\/post"}],"author":[{"embeddable":true,"href":"https:\/\/nvnoticias.mx\/index.php\/wp-json\/wp\/v2\/users\/8"}],"replies":[{"embeddable":true,"href":"https:\/\/nvnoticias.mx\/index.php\/wp-json\/wp\/v2\/comments?post=104875"}],"version-history":[{"count":1,"href":"https:\/\/nvnoticias.mx\/index.php\/wp-json\/wp\/v2\/posts\/104875\/revisions"}],"predecessor-version":[{"id":104877,"href":"https:\/\/nvnoticias.mx\/index.php\/wp-json\/wp\/v2\/posts\/104875\/revisions\/104877"}],"wp:featuredmedia":[{"embeddable":true,"href":"https:\/\/nvnoticias.mx\/index.php\/wp-json\/wp\/v2\/media\/104876"}],"wp:attachment":[{"href":"https:\/\/nvnoticias.mx\/index.php\/wp-json\/wp\/v2\/media?parent=104875"}],"wp:term":[{"taxonomy":"category","embeddable":true,"href":"https:\/\/nvnoticias.mx\/index.php\/wp-json\/wp\/v2\/categories?post=104875"},{"taxonomy":"post_tag","embeddable":true,"href":"https:\/\/nvnoticias.mx\/index.php\/wp-json\/wp\/v2\/tags?post=104875"}],"curies":[{"name":"wp","href":"https:\/\/api.w.org\/{rel}","templated":true}]}}